{"id":211102,"date":"2026-03-09T09:00:00","date_gmt":"2026-03-09T15:00:00","guid":{"rendered":"https:\/\/nvnoticias.mx\/?p=211102"},"modified":"2026-03-09T09:32:03","modified_gmt":"2026-03-09T15:32:03","slug":"referente-mundial-cirugia-fetal-dr-eduard-gratacos-llega-veracruz-anunciar-maternalia","status":"publish","type":"post","link":"https:\/\/nvnoticias.mx\/index.php\/2026\/03\/09\/referente-mundial-cirugia-fetal-dr-eduard-gratacos-llega-veracruz-anunciar-maternalia\/","title":{"rendered":"El referente mundial en cirug\u00eda fetal, Dr. Eduard Gratac\u00f3s, llega a Veracruz para anunciar Maternalia"},"content":{"rendered":"\n<p><br>*El director de Fetal Medicine Barcelona presentar\u00e1 el proyecto de la alta especialidad materno-infantil en el sureste de M\u00e9xico.<\/p>\n\n\n\n<p>*La iniciativa es el resultado de la alianza con Grupo Bambino y el Dr. David Basurto D\u00edaz<\/p>\n\n\n\n<p><br>BOCA DEL R\u00cdO, Ver. \u2013 La medicina de vanguardia a nivel global pondr\u00e1 sus ojos en Veracruz este pr\u00f3ximo lunes 9 de marzo. El Dr. Eduard Gratac\u00f3s, reconocido internacionalmente como uno de los pioneros en cirug\u00eda fetal y director del prestigioso centro Fetal Medicine Barcelona en Espa\u00f1a, entre otros, arribar\u00e1 a la zona conurbada para anunciar el lanzamiento de Maternalia.<\/p>\n\n\n\n<p>Este nuevo centro hospitalario de alta especialidad, que se ubicar\u00e1 en el Bulevar Manuel \u00c1vila Camacho en la zona de Costa de Oro en Boca del R\u00edo, Veracruz, representa un hito hist\u00f3rico para la salud en el estado. El proyecto nace de la visi\u00f3n de Grupo Bambino en asociaci\u00f3n con el Dr. David Basurto D\u00edaz, especialista en Medicina Fetal y Neonatos,<br>contando con el respaldo y aval cient\u00edfico del Dr. Gratac\u00f3s.<\/p>\n\n\n\n<p><strong>Innovaci\u00f3n en el Horizonte de Veracruz<\/strong><\/p>\n\n\n\n<p>Maternalia se perfila como el lugar l\u00edder en salud materno-infantil para todo el sureste mexicano. Su objetivo principal ser\u00e1 ofrecer diagn\u00f3sticos y tratamientos de alta complejidad que actualmente obligan a las familias a trasladarse otras ciudades o incluso al extranjero.<\/p>\n\n\n\n<p>La visita del Dr. Gratac\u00f3s subraya el compromiso de excelencia de esta alianza, asegurando que el desarrollo del proyecto cumpla con los est\u00e1ndares internacionales m\u00e1s rigurosos en el cuidado de la madre y del ni\u00f1o desde que es reci\u00e9n nacido.<\/p>\n\n\n\n<p>Maternalia no solo ser\u00e1 una obra de infraestructura m\u00e9dica de primer nivel frente al mar, sino el coraz\u00f3n de una red de especialistas dedicados a dar vida desde sus etapas m\u00e1s tempranas y acompa\u00f1ando a la mujer y a la familia en todos sus procesos.<\/p>\n","protected":false},"excerpt":{"rendered":"<p>*El director de Fetal Medicine Barcelona presentar\u00e1 el proyecto de la alta especialidad materno-infantil en el sureste de M\u00e9xico. *La iniciativa es el resultado de la alianza con Grupo Bambino y el Dr. David Basurto D\u00edaz BOCA DEL R\u00cdO, Ver. \u2013 La medicina de vanguardia a nivel global pondr\u00e1 sus ojos en Veracruz este pr\u00f3ximo [&hellip;]<\/p>\n","protected":false},"author":8,"featured_media":211103,"comment_status":"open","ping_status":"open","sticky":false,"template":"","format":"standard","meta":{"_monsterinsights_skip_tracking":false,"_monsterinsights_sitenote_active":false,"_monsterinsights_sitenote_note":"","_monsterinsights_sitenote_category":0,"footnotes":""},"categories":[154],"tags":[33125,33126,180],"class_list":["post-211102","post","type-post","status-publish","format-standard","has-post-thumbnail","hentry","category-veracruz","tag-dr-eduard-gratacos","tag-maternalia","tag-veracruz","wp-image-borders"],"amp_enabled":true,"_links":{"self":[{"href":"https:\/\/nvnoticias.mx\/index.php\/wp-json\/wp\/v2\/posts\/211102","targetHints":{"allow":["GET"]}}],"collection":[{"href":"https:\/\/nvnoticias.mx\/index.php\/wp-json\/wp\/v2\/posts"}],"about":[{"href":"https:\/\/nvnoticias.mx\/index.php\/wp-json\/wp\/v2\/types\/post"}],"author":[{"embeddable":true,"href":"https:\/\/nvnoticias.mx\/index.php\/wp-json\/wp\/v2\/users\/8"}],"replies":[{"embeddable":true,"href":"https:\/\/nvnoticias.mx\/index.php\/wp-json\/wp\/v2\/comments?post=211102"}],"version-history":[{"count":2,"href":"https:\/\/nvnoticias.mx\/index.php\/wp-json\/wp\/v2\/posts\/211102\/revisions"}],"predecessor-version":[{"id":211230,"href":"https:\/\/nvnoticias.mx\/index.php\/wp-json\/wp\/v2\/posts\/211102\/revisions\/211230"}],"wp:featuredmedia":[{"embeddable":true,"href":"https:\/\/nvnoticias.mx\/index.php\/wp-json\/wp\/v2\/media\/211103"}],"wp:attachment":[{"href":"https:\/\/nvnoticias.mx\/index.php\/wp-json\/wp\/v2\/media?parent=211102"}],"wp:term":[{"taxonomy":"category","embeddable":true,"href":"https:\/\/nvnoticias.mx\/index.php\/wp-json\/wp\/v2\/categories?post=211102"},{"taxonomy":"post_tag","embeddable":true,"href":"https:\/\/nvnoticias.mx\/index.php\/wp-json\/wp\/v2\/tags?post=211102"}],"curies":[{"name":"wp","href":"https:\/\/api.w.org\/{rel}","templated":true}]}}