{"id":211089,"date":"2026-03-06T12:51:20","date_gmt":"2026-03-06T18:51:20","guid":{"rendered":"https:\/\/nvnoticias.mx\/?p=211089"},"modified":"2026-03-06T12:51:30","modified_gmt":"2026-03-06T18:51:30","slug":"participacion-de-las-mujeres-en-areas-cientificas-es-escasa","status":"publish","type":"post","link":"https:\/\/nvnoticias.mx\/index.php\/2026\/03\/06\/participacion-de-las-mujeres-en-areas-cientificas-es-escasa\/","title":{"rendered":"Participaci\u00f3n de las mujeres en \u00e1reas cient\u00edficas es escasa\u00a0"},"content":{"rendered":"\n<p><\/p>\n\n\n\n<p><strong>Jes\u00fas Utrilla \/ NV Noticias <\/strong><\/p>\n\n\n\n<p>Creci\u00f3 la participaci\u00f3n de mujeres en \u00e1reas cient\u00edficas y tecnol\u00f3gicas en M\u00e9xico, sin embargo, todav\u00eda existe una brecha importante, ya que menos del 40 por ciento de quienes se dedican a campos de la ciencia, tecnolog\u00eda, ingenier\u00eda y matem\u00e1ticas, son mujeres, se\u00f1al\u00f3&nbsp;<\/p>\n\n\n\n<p>Minerva Hern\u00e1ndez Lozano, acad\u00e9mica de la Facultad de Qu\u00edmica Farmac\u00e9utica Biol\u00f3gica de la Universidad Veracruzana.<\/p>\n\n\n\n<p>Dijo que uno de los principales retos es motivar a nuevas generaciones de ni\u00f1as y j\u00f3venes a interesarse en estas disciplinas y romper estereotipos hist\u00f3ricos dentro del \u00e1mbito cient\u00edfico.<\/p>\n\n\n\n<p>Explic\u00f3 que el respaldo familiar y el impulso desde los primeros a\u00f1os de formaci\u00f3n resultan fundamentales para que m\u00e1s mujeres se inclinen por carreras cient\u00edficas, pues durante mucho tiempo se ha asociado la ciencia principalmente con la figura masculina.<\/p>\n\n\n\n<p>La investigadora dijo que, aunque persisten desaf\u00edos como la brecha salarial y la doble carga laboral que enfrentan muchas mujeres entre el trabajo profesional y las responsabilidades dom\u00e9sticas, en los \u00faltimos a\u00f1os se han abierto m\u00e1s espacios de liderazgo y toma de decisiones para cient\u00edficas en instituciones acad\u00e9micas y organismos dedicados al desarrollo cient\u00edfico.<\/p>\n","protected":false},"excerpt":{"rendered":"<p>Jes\u00fas Utrilla \/ NV Noticias Creci\u00f3 la participaci\u00f3n de mujeres en \u00e1reas cient\u00edficas y tecnol\u00f3gicas en M\u00e9xico, sin embargo, todav\u00eda existe una brecha importante, ya que menos del 40 por ciento de quienes se dedican a campos de la ciencia, tecnolog\u00eda, ingenier\u00eda y matem\u00e1ticas, son mujeres, se\u00f1al\u00f3&nbsp; Minerva Hern\u00e1ndez Lozano, acad\u00e9mica de la Facultad de [&hellip;]<\/p>\n","protected":false},"author":8,"featured_media":211090,"comment_status":"open","ping_status":"open","sticky":false,"template":"","format":"standard","meta":{"_monsterinsights_skip_tracking":false,"_monsterinsights_sitenote_active":false,"_monsterinsights_sitenote_note":"","_monsterinsights_sitenote_category":0,"footnotes":""},"categories":[154],"tags":[2093,573,5325],"class_list":["post-211089","post","type-post","status-publish","format-standard","has-post-thumbnail","hentry","category-veracruz","tag-ciencia","tag-mujeres","tag-participacion","wp-image-borders"],"amp_enabled":true,"_links":{"self":[{"href":"https:\/\/nvnoticias.mx\/index.php\/wp-json\/wp\/v2\/posts\/211089","targetHints":{"allow":["GET"]}}],"collection":[{"href":"https:\/\/nvnoticias.mx\/index.php\/wp-json\/wp\/v2\/posts"}],"about":[{"href":"https:\/\/nvnoticias.mx\/index.php\/wp-json\/wp\/v2\/types\/post"}],"author":[{"embeddable":true,"href":"https:\/\/nvnoticias.mx\/index.php\/wp-json\/wp\/v2\/users\/8"}],"replies":[{"embeddable":true,"href":"https:\/\/nvnoticias.mx\/index.php\/wp-json\/wp\/v2\/comments?post=211089"}],"version-history":[{"count":1,"href":"https:\/\/nvnoticias.mx\/index.php\/wp-json\/wp\/v2\/posts\/211089\/revisions"}],"predecessor-version":[{"id":211091,"href":"https:\/\/nvnoticias.mx\/index.php\/wp-json\/wp\/v2\/posts\/211089\/revisions\/211091"}],"wp:featuredmedia":[{"embeddable":true,"href":"https:\/\/nvnoticias.mx\/index.php\/wp-json\/wp\/v2\/media\/211090"}],"wp:attachment":[{"href":"https:\/\/nvnoticias.mx\/index.php\/wp-json\/wp\/v2\/media?parent=211089"}],"wp:term":[{"taxonomy":"category","embeddable":true,"href":"https:\/\/nvnoticias.mx\/index.php\/wp-json\/wp\/v2\/categories?post=211089"},{"taxonomy":"post_tag","embeddable":true,"href":"https:\/\/nvnoticias.mx\/index.php\/wp-json\/wp\/v2\/tags?post=211089"}],"curies":[{"name":"wp","href":"https:\/\/api.w.org\/{rel}","templated":true}]}}