{"id":211080,"date":"2026-03-06T12:42:43","date_gmt":"2026-03-06T18:42:43","guid":{"rendered":"https:\/\/nvnoticias.mx\/?p=211080"},"modified":"2026-03-06T12:42:52","modified_gmt":"2026-03-06T18:42:52","slug":"el-ayuntamiento-de-veracruz-presentara-el-plan-municipal-de-desarrollo","status":"publish","type":"post","link":"https:\/\/nvnoticias.mx\/index.php\/2026\/03\/06\/el-ayuntamiento-de-veracruz-presentara-el-plan-municipal-de-desarrollo\/","title":{"rendered":"El Ayuntamiento de Veracruz presentar\u00e1 el Plan Municipal de Desarrollo"},"content":{"rendered":"\n<p><\/p>\n\n\n\n<p><strong>Jes\u00fas Utrilla \/ NV Noticias <\/strong><\/p>\n\n\n\n<p>En los siguientes d\u00eda el Ayuntamiento de Veracruz presentar\u00e1 el Plan Municipal de Desarrollo, documento que definir\u00e1 las obras, programas y prioridades de la actual administraci\u00f3n, as\u00ed como la aplicaci\u00f3n del presupuesto correspondiente al presente ejercicio fiscal, inform\u00f3 Rosa Mar\u00eda Hern\u00e1ndez Espejo, alcaldesa porte\u00f1a.<\/p>\n\n\n\n<p>El documento se encuentra en su etapa final y ser\u00e1 presentado al Cabildo durante este mes de marzo para su aprobaci\u00f3n e implementaci\u00f3n.<\/p>\n\n\n\n<p>Entre las principales acciones contempladas se encuentra el rescate de espacios p\u00fablicos, trabajos de bacheo y pavimentaci\u00f3n, as\u00ed como la ampliaci\u00f3n de infraestructura b\u00e1sica en zonas donde a\u00fan existen carencias.<\/p>\n\n\n\n<p>Los DIF, porque la mayor\u00eda est\u00e1n cerrados o abandonados y necesitan reabrirse&nbsp;&nbsp;para llevar asistencia social a colonias, fraccionamientos y la zona rural.<\/p>\n\n\n\n<p>Hern\u00e1ndez Espejo detall\u00f3 que el presupuesto municipal para este ejercicio fiscal asciende a aproximadamente 3 mil 100 millones de pesos, recursos que se buscar\u00e1 distribuir priorizando las necesidades m\u00e1s urgentes de la poblaci\u00f3n.<\/p>\n\n\n\n<p>La alcaldesa encabez\u00f3&nbsp;&nbsp;el foro juvenil denominado \u201cMujeres en Transformaci\u00f3n\u201d, en el Museo de la Ciudad.<\/p>\n\n\n\n<p><\/p>\n","protected":false},"excerpt":{"rendered":"<p>Jes\u00fas Utrilla \/ NV Noticias En los siguientes d\u00eda el Ayuntamiento de Veracruz presentar\u00e1 el Plan Municipal de Desarrollo, documento que definir\u00e1 las obras, programas y prioridades de la actual administraci\u00f3n, as\u00ed como la aplicaci\u00f3n del presupuesto correspondiente al presente ejercicio fiscal, inform\u00f3 Rosa Mar\u00eda Hern\u00e1ndez Espejo, alcaldesa porte\u00f1a. El documento se encuentra en su [&hellip;]<\/p>\n","protected":false},"author":8,"featured_media":211081,"comment_status":"open","ping_status":"open","sticky":false,"template":"","format":"standard","meta":{"_monsterinsights_skip_tracking":false,"_monsterinsights_sitenote_active":false,"_monsterinsights_sitenote_note":"","_monsterinsights_sitenote_category":0,"footnotes":""},"categories":[154],"tags":[13234,180],"class_list":["post-211080","post","type-post","status-publish","format-standard","has-post-thumbnail","hentry","category-veracruz","tag-plan-municipal-de-desarrollo","tag-veracruz","wp-image-borders"],"amp_enabled":true,"_links":{"self":[{"href":"https:\/\/nvnoticias.mx\/index.php\/wp-json\/wp\/v2\/posts\/211080","targetHints":{"allow":["GET"]}}],"collection":[{"href":"https:\/\/nvnoticias.mx\/index.php\/wp-json\/wp\/v2\/posts"}],"about":[{"href":"https:\/\/nvnoticias.mx\/index.php\/wp-json\/wp\/v2\/types\/post"}],"author":[{"embeddable":true,"href":"https:\/\/nvnoticias.mx\/index.php\/wp-json\/wp\/v2\/users\/8"}],"replies":[{"embeddable":true,"href":"https:\/\/nvnoticias.mx\/index.php\/wp-json\/wp\/v2\/comments?post=211080"}],"version-history":[{"count":1,"href":"https:\/\/nvnoticias.mx\/index.php\/wp-json\/wp\/v2\/posts\/211080\/revisions"}],"predecessor-version":[{"id":211082,"href":"https:\/\/nvnoticias.mx\/index.php\/wp-json\/wp\/v2\/posts\/211080\/revisions\/211082"}],"wp:featuredmedia":[{"embeddable":true,"href":"https:\/\/nvnoticias.mx\/index.php\/wp-json\/wp\/v2\/media\/211081"}],"wp:attachment":[{"href":"https:\/\/nvnoticias.mx\/index.php\/wp-json\/wp\/v2\/media?parent=211080"}],"wp:term":[{"taxonomy":"category","embeddable":true,"href":"https:\/\/nvnoticias.mx\/index.php\/wp-json\/wp\/v2\/categories?post=211080"},{"taxonomy":"post_tag","embeddable":true,"href":"https:\/\/nvnoticias.mx\/index.php\/wp-json\/wp\/v2\/tags?post=211080"}],"curies":[{"name":"wp","href":"https:\/\/api.w.org\/{rel}","templated":true}]}}