{"id":211072,"date":"2026-03-06T12:31:37","date_gmt":"2026-03-06T18:31:37","guid":{"rendered":"https:\/\/nvnoticias.mx\/?p=211072"},"modified":"2026-03-06T12:31:44","modified_gmt":"2026-03-06T18:31:44","slug":"intervencion-en-plaza-lerdo-responde-a-criterios-de-restauracion-no-politicos-arquitecto","status":"publish","type":"post","link":"https:\/\/nvnoticias.mx\/index.php\/2026\/03\/06\/intervencion-en-plaza-lerdo-responde-a-criterios-de-restauracion-no-politicos-arquitecto\/","title":{"rendered":"Intervenci\u00f3n en Plaza Lerdo responde a criterios de restauraci\u00f3n, no pol\u00edticos: arquitecto"},"content":{"rendered":"\n<p><\/p>\n\n\n\n<p><strong>Sam Ojeda \/ NV Noticias<\/strong><\/p>\n\n\n\n<p>Xalapa.- Las obras que se realizan actualmente en la Plaza Sebasti\u00e1n Lerdo de Tejada y en la Catedral Metropolitana de Xalapa deben analizarse desde la restauraci\u00f3n del patrimonio hist\u00f3rico y no desde la pol\u00edtica, afirm\u00f3 el arquitecto restaurador Jorge P\u00e9rez Quintos.<\/p>\n\n\n\n<p>El especialista consider\u00f3 que la discusi\u00f3n p\u00fablica que han generado estos trabajos responde en parte a la mezcla de opiniones pol\u00edticas con temas t\u00e9cnicos relacionados con la conservaci\u00f3n del patrimonio.<\/p>\n\n\n\n<p>\u201cLa \u00faltima intervenci\u00f3n de la plaza tendr\u00e1 45 a\u00f1os, pero cuando mezclamos pol\u00edtica con opiniones se trastocan las cosas\u201d.<\/p>\n\n\n\n<p>Indic\u00f3 que la Plaza Lerdo no hab\u00eda sido intervenida desde hace casi cuatro d\u00e9cadas y media, por lo que los trabajos actuales pueden entenderse como parte de un proceso de recuperaci\u00f3n de la imagen urbana del centro hist\u00f3rico.<\/p>\n\n\n\n<p>P\u00e9rez Quintos explic\u00f3 que las modificaciones en colores y el rescate de elementos como la cantera responden a criterios utilizados en proyectos de restauraci\u00f3n para lograr coherencia visual en espacios hist\u00f3ricos.<\/p>\n\n\n\n<p>\u201cYo aplaudir\u00eda que se est\u00e9 regenerando la imagen urbana de nuestro centro hist\u00f3rico; se est\u00e1n yendo por colores, un poco por la cantera, al estilo neocl\u00e1sico\u201d.<\/p>\n\n\n\n<p>Se\u00f1al\u00f3 que en este tipo de intervenciones suele buscarse una paleta crom\u00e1tica com\u00fan para integrar edificaciones y evitar contrastes que rompan con la armon\u00eda arquitect\u00f3nica del entorno.<\/p>\n\n\n\n<p>\u201cCreo que es correcto. Normalmente en las intervenciones de imagen urbana se busca tener un color para tratar de uniformar, para que las posibles agresiones de construcciones se mimeticen y se pierdan\u201d.<\/p>\n\n\n\n<p>El arquitecto record\u00f3 que Veracruz cuenta con un importante patrimonio construido con t\u00e9cnicas tradicionales que muchas veces generan dudas entre especialistas contempor\u00e1neos por desconocimiento de sus sistemas constructivos.<\/p>\n\n\n\n<p>Explic\u00f3 que en el centro de Xalapa a\u00fan existen edificaciones hechas con tapia o mamposter\u00eda que han resistido el paso del tiempo durante m\u00e1s de un siglo.<\/p>\n","protected":false},"excerpt":{"rendered":"<p>Sam Ojeda \/ NV Noticias Xalapa.- Las obras que se realizan actualmente en la Plaza Sebasti\u00e1n Lerdo de Tejada y en la Catedral Metropolitana de Xalapa deben analizarse desde la restauraci\u00f3n del patrimonio hist\u00f3rico y no desde la pol\u00edtica, afirm\u00f3 el arquitecto restaurador Jorge P\u00e9rez Quintos. El especialista consider\u00f3 que la discusi\u00f3n p\u00fablica que han [&hellip;]<\/p>\n","protected":false},"author":8,"featured_media":211073,"comment_status":"open","ping_status":"open","sticky":false,"template":"","format":"standard","meta":{"_monsterinsights_skip_tracking":false,"_monsterinsights_sitenote_active":false,"_monsterinsights_sitenote_note":"","_monsterinsights_sitenote_category":0,"footnotes":""},"categories":[156],"tags":[18505,312],"class_list":["post-211072","post","type-post","status-publish","format-standard","has-post-thumbnail","hentry","category-estado","tag-plaza-lerdo","tag-xalapa","wp-image-borders"],"amp_enabled":true,"_links":{"self":[{"href":"https:\/\/nvnoticias.mx\/index.php\/wp-json\/wp\/v2\/posts\/211072","targetHints":{"allow":["GET"]}}],"collection":[{"href":"https:\/\/nvnoticias.mx\/index.php\/wp-json\/wp\/v2\/posts"}],"about":[{"href":"https:\/\/nvnoticias.mx\/index.php\/wp-json\/wp\/v2\/types\/post"}],"author":[{"embeddable":true,"href":"https:\/\/nvnoticias.mx\/index.php\/wp-json\/wp\/v2\/users\/8"}],"replies":[{"embeddable":true,"href":"https:\/\/nvnoticias.mx\/index.php\/wp-json\/wp\/v2\/comments?post=211072"}],"version-history":[{"count":1,"href":"https:\/\/nvnoticias.mx\/index.php\/wp-json\/wp\/v2\/posts\/211072\/revisions"}],"predecessor-version":[{"id":211074,"href":"https:\/\/nvnoticias.mx\/index.php\/wp-json\/wp\/v2\/posts\/211072\/revisions\/211074"}],"wp:featuredmedia":[{"embeddable":true,"href":"https:\/\/nvnoticias.mx\/index.php\/wp-json\/wp\/v2\/media\/211073"}],"wp:attachment":[{"href":"https:\/\/nvnoticias.mx\/index.php\/wp-json\/wp\/v2\/media?parent=211072"}],"wp:term":[{"taxonomy":"category","embeddable":true,"href":"https:\/\/nvnoticias.mx\/index.php\/wp-json\/wp\/v2\/categories?post=211072"},{"taxonomy":"post_tag","embeddable":true,"href":"https:\/\/nvnoticias.mx\/index.php\/wp-json\/wp\/v2\/tags?post=211072"}],"curies":[{"name":"wp","href":"https:\/\/api.w.org\/{rel}","templated":true}]}}