{"id":211064,"date":"2026-03-06T11:07:59","date_gmt":"2026-03-06T17:07:59","guid":{"rendered":"https:\/\/nvnoticias.mx\/?p=211064"},"modified":"2026-03-06T11:08:09","modified_gmt":"2026-03-06T17:08:09","slug":"sheinbaum-anuncia-desarrollo-de-planta-de-ciclo-combinado-de-la-cfe-en-guadalajara","status":"publish","type":"post","link":"https:\/\/nvnoticias.mx\/index.php\/2026\/03\/06\/sheinbaum-anuncia-desarrollo-de-planta-de-ciclo-combinado-de-la-cfe-en-guadalajara\/","title":{"rendered":"Sheinbaum anuncia desarrollo de planta de ciclo combinado de la CFE en Guadalajara"},"content":{"rendered":"\n<p>El plan de expansi\u00f3n de la Comisi\u00f3n Federal de Electricidad considera desarrollar alrededor de la zona metropolitana de Guadalajara, una planta de ciclo combinado de 500 megawatts, con posibilidad de expandirse a mil en una segunda etapa, inform\u00f3 la presidenta Claudia Sheinbaum Pardo.<\/p>\n\n\n\n<p>Se\u00f1al\u00f3 que la instancia federal est\u00e1 elaborando las especificaciones para el concurso con un avance del 80 por ciento.<\/p>\n\n\n\n<p>CFE construir\u00e1 cinco plantas nuevas de ciclo combinado y adelant\u00f3 que pronto presentar\u00e1 el esquema de inversi\u00f3n mixta -54 por ciento la comisi\u00f3n y 46 por ciento privados, como establece la ley- en una sola planta.<\/p>\n\n\n\n<p>Resalt\u00f3 que recientemente se hizo un concurso en el que participaron 300 empresas. \u201cLa mayor\u00eda son de fuentes renovables de energ\u00eda y muy pronto vamos a estar anunciando d\u00f3nde se van a desarrollar estas plantas\u201d.<\/p>\n\n\n\n<p>La mandataria precis\u00f3 que infraestructura, generaci\u00f3n el\u00e9ctrica y transmisi\u00f3n se va a desarrollar durante el sexenio, al recordar que hay una inversi\u00f3n de cerca de 100 mil millones de pesos, para los dos \u00faltimos rubros.<\/p>\n\n\n\n<p>Fuente: <a href=\"https:\/\/www.jornada.com.mx\/noticia\/2026\/03\/06\/economia\/sheinbaum-anuncia-planta-de-ciclo-combinado-de-la-cfe-en-guadalajara\">La Jornada<\/a> <\/p>\n","protected":false},"excerpt":{"rendered":"<p>El plan de expansi\u00f3n de la Comisi\u00f3n Federal de Electricidad considera desarrollar alrededor de la zona metropolitana de Guadalajara, una planta de ciclo combinado de 500 megawatts, con posibilidad de expandirse a mil en una segunda etapa, inform\u00f3 la presidenta Claudia Sheinbaum Pardo. Se\u00f1al\u00f3 que la instancia federal est\u00e1 elaborando las especificaciones para el concurso [&hellip;]<\/p>\n","protected":false},"author":35,"featured_media":211067,"comment_status":"open","ping_status":"open","sticky":false,"template":"","format":"standard","meta":{"_monsterinsights_skip_tracking":false,"_monsterinsights_sitenote_active":false,"_monsterinsights_sitenote_note":"","_monsterinsights_sitenote_category":0,"footnotes":""},"categories":[157],"tags":[2801,619,162],"class_list":["post-211064","post","type-post","status-publish","format-standard","has-post-thumbnail","hentry","category-nacional","tag-claudia-sheinbaum","tag-pemex","tag-portada","wp-image-borders"],"amp_enabled":true,"_links":{"self":[{"href":"https:\/\/nvnoticias.mx\/index.php\/wp-json\/wp\/v2\/posts\/211064","targetHints":{"allow":["GET"]}}],"collection":[{"href":"https:\/\/nvnoticias.mx\/index.php\/wp-json\/wp\/v2\/posts"}],"about":[{"href":"https:\/\/nvnoticias.mx\/index.php\/wp-json\/wp\/v2\/types\/post"}],"author":[{"embeddable":true,"href":"https:\/\/nvnoticias.mx\/index.php\/wp-json\/wp\/v2\/users\/35"}],"replies":[{"embeddable":true,"href":"https:\/\/nvnoticias.mx\/index.php\/wp-json\/wp\/v2\/comments?post=211064"}],"version-history":[{"count":3,"href":"https:\/\/nvnoticias.mx\/index.php\/wp-json\/wp\/v2\/posts\/211064\/revisions"}],"predecessor-version":[{"id":211068,"href":"https:\/\/nvnoticias.mx\/index.php\/wp-json\/wp\/v2\/posts\/211064\/revisions\/211068"}],"wp:featuredmedia":[{"embeddable":true,"href":"https:\/\/nvnoticias.mx\/index.php\/wp-json\/wp\/v2\/media\/211067"}],"wp:attachment":[{"href":"https:\/\/nvnoticias.mx\/index.php\/wp-json\/wp\/v2\/media?parent=211064"}],"wp:term":[{"taxonomy":"category","embeddable":true,"href":"https:\/\/nvnoticias.mx\/index.php\/wp-json\/wp\/v2\/categories?post=211064"},{"taxonomy":"post_tag","embeddable":true,"href":"https:\/\/nvnoticias.mx\/index.php\/wp-json\/wp\/v2\/tags?post=211064"}],"curies":[{"name":"wp","href":"https:\/\/api.w.org\/{rel}","templated":true}]}}