{"id":211043,"date":"2026-03-06T10:01:11","date_gmt":"2026-03-06T16:01:11","guid":{"rendered":"https:\/\/nvnoticias.mx\/?p=211043"},"modified":"2026-03-06T10:01:19","modified_gmt":"2026-03-06T16:01:19","slug":"garcia-harfuch-aclara-que-el-ejercito-no-escolto-carroza-funebre-de-el-mencho","status":"publish","type":"post","link":"https:\/\/nvnoticias.mx\/index.php\/2026\/03\/06\/garcia-harfuch-aclara-que-el-ejercito-no-escolto-carroza-funebre-de-el-mencho\/","title":{"rendered":"Garc\u00eda Harfuch aclara que el Ej\u00e9rcito no escolt\u00f3 carroza f\u00fanebre de \u2018El Mencho\u2019"},"content":{"rendered":"\n<p>El secretario de Seguridad y Protecci\u00f3n Ciudadana, Omar Garc\u00eda Harfuch, neg\u00f3 que el operativo desplegado el d\u00eda de la sepultura de\u00a0<a href=\"https:\/\/www.elfinanciero.com.mx\/estados\/2026\/03\/02\/entierran-a-el-mencho-en-el-panteon-recinto-de-la-paz-en-zapopan-donde-hay-familiares-de-caro-quintero\/\" target=\"_blank\" rel=\"noreferrer noopener\">\u2018El <\/a>Mencho<a href=\"https:\/\/www.elfinanciero.com.mx\/estados\/2026\/03\/02\/entierran-a-el-mencho-en-el-panteon-recinto-de-la-paz-en-zapopan-donde-hay-familiares-de-caro-quintero\/\" target=\"_blank\" rel=\"noreferrer noopener\">\u2019\u00a0<\/a>tuviera como prop\u00f3sito escoltar los restos del l\u00edder del\u00a0<strong>C\u00e1rtel Jalisco Nueva Generaci\u00f3n<\/strong>\u00a0o a sus familiares.<\/p>\n\n\n\n<p>Explic\u00f3 que el operativo tuvo como objetivo proteger a la ciudadan\u00eda y evitar disturbios como los registrados el 22 de febrero tras el\u00a0abatimiento de Nemesio Oseguera Cervantes. Tambi\u00e9n descart\u00f3 vigilancia en el pante\u00f3n donde quedaron enterrados los restos del capo.<\/p>\n\n\n\n<p>\u201cEste operativo fue precisamente para proteger a la ciudadan\u00eda, el antecedente que tuvimos d\u00edas antes de disturbios, bloqueos e incendio de veh\u00edculos; este operativo implementado por la Guardia Nacional y autoridades estatales de\u00a0<strong>Jalisco\u00a0<\/strong>fue para proteger a la ciudadan\u00eda, no fue para escoltar a nadie. Fue para evitar cualquier disturbio en la ciudad y proteger a la ciudadan\u00eda\u201d, respondi\u00f3.<\/p>\n\n\n\n<p>Fuente: <a href=\"https:\/\/www.elfinanciero.com.mx\/nacional\/2026\/03\/06\/claudia-sheinbaum-mananera-temas-hoy-6-de-marzo-de-2026-en-vivo\/\">El Financiero<\/a><\/p>\n\n\n\n<p><\/p>\n","protected":false},"excerpt":{"rendered":"<p>El secretario de Seguridad y Protecci\u00f3n Ciudadana, Omar Garc\u00eda Harfuch, neg\u00f3 que el operativo desplegado el d\u00eda de la sepultura de\u00a0\u2018El Mencho\u2019\u00a0tuviera como prop\u00f3sito escoltar los restos del l\u00edder del\u00a0C\u00e1rtel Jalisco Nueva Generaci\u00f3n\u00a0o a sus familiares. Explic\u00f3 que el operativo tuvo como objetivo proteger a la ciudadan\u00eda y evitar disturbios como los registrados el 22 [&hellip;]<\/p>\n","protected":false},"author":35,"featured_media":211047,"comment_status":"open","ping_status":"open","sticky":false,"template":"","format":"standard","meta":{"_monsterinsights_skip_tracking":false,"_monsterinsights_sitenote_active":false,"_monsterinsights_sitenote_note":"","_monsterinsights_sitenote_category":0,"footnotes":""},"categories":[158],"tags":[7185,16481],"class_list":["post-211043","post","type-post","status-publish","format-standard","has-post-thumbnail","hentry","category-politica","tag-el-mencho","tag-omar-garcia-harfuch","wp-image-borders"],"amp_enabled":true,"_links":{"self":[{"href":"https:\/\/nvnoticias.mx\/index.php\/wp-json\/wp\/v2\/posts\/211043","targetHints":{"allow":["GET"]}}],"collection":[{"href":"https:\/\/nvnoticias.mx\/index.php\/wp-json\/wp\/v2\/posts"}],"about":[{"href":"https:\/\/nvnoticias.mx\/index.php\/wp-json\/wp\/v2\/types\/post"}],"author":[{"embeddable":true,"href":"https:\/\/nvnoticias.mx\/index.php\/wp-json\/wp\/v2\/users\/35"}],"replies":[{"embeddable":true,"href":"https:\/\/nvnoticias.mx\/index.php\/wp-json\/wp\/v2\/comments?post=211043"}],"version-history":[{"count":4,"href":"https:\/\/nvnoticias.mx\/index.php\/wp-json\/wp\/v2\/posts\/211043\/revisions"}],"predecessor-version":[{"id":211048,"href":"https:\/\/nvnoticias.mx\/index.php\/wp-json\/wp\/v2\/posts\/211043\/revisions\/211048"}],"wp:featuredmedia":[{"embeddable":true,"href":"https:\/\/nvnoticias.mx\/index.php\/wp-json\/wp\/v2\/media\/211047"}],"wp:attachment":[{"href":"https:\/\/nvnoticias.mx\/index.php\/wp-json\/wp\/v2\/media?parent=211043"}],"wp:term":[{"taxonomy":"category","embeddable":true,"href":"https:\/\/nvnoticias.mx\/index.php\/wp-json\/wp\/v2\/categories?post=211043"},{"taxonomy":"post_tag","embeddable":true,"href":"https:\/\/nvnoticias.mx\/index.php\/wp-json\/wp\/v2\/tags?post=211043"}],"curies":[{"name":"wp","href":"https:\/\/api.w.org\/{rel}","templated":true}]}}