{"id":211038,"date":"2026-03-06T09:57:15","date_gmt":"2026-03-06T15:57:15","guid":{"rendered":"https:\/\/nvnoticias.mx\/?p=211038"},"modified":"2026-03-06T09:57:26","modified_gmt":"2026-03-06T15:57:26","slug":"trabajamos-para-la-seguridad-y-la-paz-sheinbaum","status":"publish","type":"post","link":"https:\/\/nvnoticias.mx\/index.php\/2026\/03\/06\/trabajamos-para-la-seguridad-y-la-paz-sheinbaum\/","title":{"rendered":"Trabajamos para la seguridad y la paz:  Sheinbaum"},"content":{"rendered":"\n<p>A casi dos semanas del operativo del Ej\u00e9rcito que termin\u00f3 con la vida del narcotraficante, Nemesio Oseguera,&nbsp;<em>El Mencho<\/em>, en Tapalpa, Jalisco, la presidenta Claudia Sheinbaum inici\u00f3 una gira de trabajo en la entidad: \u201cestamos aqu\u00ed para decirles a todos los jaliscienses que estamos trabajando juntos por la paz y seguridad de los habitantes de la entidad\u201d. En la zona militar 15 encabez\u00f3 la reuni\u00f3n del Gabinete de Seguridad con las autoridades locales encabezadas por el gobernador Pablo Lemus para evaluar la situaci\u00f3n de seguridad en la entidad.&nbsp;<\/p>\n\n\n\n<p>Lemus resalt\u00f3 la \u201cextraordinaria coordinaci\u00f3n\u201d entre el gobierno federal y del estado para atender los \u00faltimos episodios de violencia para lograr la normalizaci\u00f3n de las actividades en Jalisco. Al concluir su conferencia que se realiz\u00f3 en el auditorio de la base militar ( ubicado a 3.5 kil\u00f3metros del cementerio Recinto de la Paz, donde fue inhumado&nbsp;<em>El Mencho<\/em>), se reunir\u00e1 con empresarios de Jalisco acompa\u00f1ada de su Gabinete de Seguridad.<\/p>\n\n\n\n<p>En la conferencia, el secretario de Seguridad P\u00fablica y Protecci\u00f3n Ciudadana, Omar Garc\u00eda Harfuch destac\u00f3 el operativo m\u00e1s relevante efectuado por el Ej\u00e9rcito para aprehender a&nbsp;<em>El Mencho<\/em>&nbsp;y la posterior coordinaci\u00f3n entre las instituciones de seguridad federales con las corporaciones&nbsp;&nbsp;estatales.&nbsp;<\/p>\n\n\n\n<p>Garc\u00eda Harfuch coment\u00f3 que hay un trabajo coordinado del Gabinete de Seguridad para dar seguimiento a las acciones para enfrentar las&nbsp;estructuras delictivas de las organizaciones criminales utilizando inteligencia y l\u00edneas tecnolog\u00edas para desactivar&nbsp;los centros log\u00edsticos y redes de apoyo de grupos criminales, aprehender a los principales generadores de violencia y afectar capacidad operativas y financieros de estas organizaciones criminales.<\/p>\n\n\n\n<p>De octubre de 2024 a enero de 2026 en Jalisco se han detenido a 890 personas, se han asegurado 626 armas y 145 mil cartuchos, as\u00ed como la destrucci\u00f3n&nbsp;&nbsp;de tres laboratorios para elaborar drogas qu\u00edmicas.<\/p>\n\n\n\n<p>Por su parte, la titular del Secretariado Ejecutivo del Consejo Nacional de Seguridad P\u00fablica, Marcela Figueroa, destac\u00f3 que de octubre de 2024 a enero de este a\u00f1o, la incidencia de homicidios en la entidad se ha reducido en 47 por ciento.<\/p>\n\n\n\n<p>Fuente: La <a href=\"https:\/\/www.jornada.com.mx\/noticia\/2026\/03\/06\/politica\/trabajamos-para-la-seguridad-de-los-jaliscienses-dice-sheinbaum-tras-operativo-contra-el-mencho\">Jornada<\/a><\/p>\n","protected":false},"excerpt":{"rendered":"<p>A casi dos semanas del operativo del Ej\u00e9rcito que termin\u00f3 con la vida del narcotraficante, Nemesio Oseguera,&nbsp;El Mencho, en Tapalpa, Jalisco, la presidenta Claudia Sheinbaum inici\u00f3 una gira de trabajo en la entidad: \u201cestamos aqu\u00ed para decirles a todos los jaliscienses que estamos trabajando juntos por la paz y seguridad de los habitantes de la [&hellip;]<\/p>\n","protected":false},"author":35,"featured_media":211041,"comment_status":"open","ping_status":"open","sticky":false,"template":"","format":"standard","meta":{"_monsterinsights_skip_tracking":false,"_monsterinsights_sitenote_active":false,"_monsterinsights_sitenote_note":"","_monsterinsights_sitenote_category":0,"footnotes":""},"categories":[157],"tags":[2801,162],"class_list":["post-211038","post","type-post","status-publish","format-standard","has-post-thumbnail","hentry","category-nacional","tag-claudia-sheinbaum","tag-portada","wp-image-borders"],"amp_enabled":true,"_links":{"self":[{"href":"https:\/\/nvnoticias.mx\/index.php\/wp-json\/wp\/v2\/posts\/211038","targetHints":{"allow":["GET"]}}],"collection":[{"href":"https:\/\/nvnoticias.mx\/index.php\/wp-json\/wp\/v2\/posts"}],"about":[{"href":"https:\/\/nvnoticias.mx\/index.php\/wp-json\/wp\/v2\/types\/post"}],"author":[{"embeddable":true,"href":"https:\/\/nvnoticias.mx\/index.php\/wp-json\/wp\/v2\/users\/35"}],"replies":[{"embeddable":true,"href":"https:\/\/nvnoticias.mx\/index.php\/wp-json\/wp\/v2\/comments?post=211038"}],"version-history":[{"count":3,"href":"https:\/\/nvnoticias.mx\/index.php\/wp-json\/wp\/v2\/posts\/211038\/revisions"}],"predecessor-version":[{"id":211042,"href":"https:\/\/nvnoticias.mx\/index.php\/wp-json\/wp\/v2\/posts\/211038\/revisions\/211042"}],"wp:featuredmedia":[{"embeddable":true,"href":"https:\/\/nvnoticias.mx\/index.php\/wp-json\/wp\/v2\/media\/211041"}],"wp:attachment":[{"href":"https:\/\/nvnoticias.mx\/index.php\/wp-json\/wp\/v2\/media?parent=211038"}],"wp:term":[{"taxonomy":"category","embeddable":true,"href":"https:\/\/nvnoticias.mx\/index.php\/wp-json\/wp\/v2\/categories?post=211038"},{"taxonomy":"post_tag","embeddable":true,"href":"https:\/\/nvnoticias.mx\/index.php\/wp-json\/wp\/v2\/tags?post=211038"}],"curies":[{"name":"wp","href":"https:\/\/api.w.org\/{rel}","templated":true}]}}