{"id":210902,"date":"2026-03-04T16:21:45","date_gmt":"2026-03-04T22:21:45","guid":{"rendered":"https:\/\/nvnoticias.mx\/?p=210902"},"modified":"2026-03-04T16:21:49","modified_gmt":"2026-03-04T22:21:49","slug":"sheinbaum-descarta-nuevas-concesiones-mineras","status":"publish","type":"post","link":"https:\/\/nvnoticias.mx\/index.php\/2026\/03\/04\/sheinbaum-descarta-nuevas-concesiones-mineras\/","title":{"rendered":"Sheinbaum descarta nuevas concesiones mineras"},"content":{"rendered":"\n<p>La presidenta, Claudia Sheinbaum Pardo, reiter\u00f3 que no otorgar\u00e1 nuevas concesiones mineras. \u201cEn algunos casos ampliar la miner\u00eda actual que se tiene en determinados lugares, para mantener la producci\u00f3n\u201d, dijo.<\/p>\n\n\n\n<p>Y tiene que haber un estudio de impacto ambiental en acuerdo con los habitantes de la zona, a\u00f1adi\u00f3, pero \u201cno nuevas concesiones\u201d.<br><br>A menos, dijo, que \u201chaya un lugar de litio que encontremos, se est\u00e1n revisando varias \u00e1reas, ya ser\u00eda explotaci\u00f3n del Estado mexicano, como est\u00e1 en la Constituci\u00f3n. Ah\u00ed s\u00ed habr\u00eda una concesi\u00f3n a Litiomx\u201d.<\/p>\n\n\n\n<p>Fuente: <a href=\"https:\/\/www.jornada.com.mx\/noticia\/2026\/03\/04\/politica\/sheinbaum-descarta-nuevas-concesiones-mineras-solo-se-daria-en-el-caso-del-litio\">La Jornada<\/a> <\/p>\n","protected":false},"excerpt":{"rendered":"<p>La presidenta, Claudia Sheinbaum Pardo, reiter\u00f3 que no otorgar\u00e1 nuevas concesiones mineras. \u201cEn algunos casos ampliar la miner\u00eda actual que se tiene en determinados lugares, para mantener la producci\u00f3n\u201d, dijo. Y tiene que haber un estudio de impacto ambiental en acuerdo con los habitantes de la zona, a\u00f1adi\u00f3, pero \u201cno nuevas concesiones\u201d. A menos, dijo, [&hellip;]<\/p>\n","protected":false},"author":35,"featured_media":210906,"comment_status":"open","ping_status":"open","sticky":false,"template":"","format":"standard","meta":{"_monsterinsights_skip_tracking":false,"_monsterinsights_sitenote_active":false,"_monsterinsights_sitenote_note":"","_monsterinsights_sitenote_category":0,"footnotes":""},"categories":[158],"tags":[2801,162],"class_list":["post-210902","post","type-post","status-publish","format-standard","has-post-thumbnail","hentry","category-politica","tag-claudia-sheinbaum","tag-portada","wp-image-borders"],"amp_enabled":true,"_links":{"self":[{"href":"https:\/\/nvnoticias.mx\/index.php\/wp-json\/wp\/v2\/posts\/210902","targetHints":{"allow":["GET"]}}],"collection":[{"href":"https:\/\/nvnoticias.mx\/index.php\/wp-json\/wp\/v2\/posts"}],"about":[{"href":"https:\/\/nvnoticias.mx\/index.php\/wp-json\/wp\/v2\/types\/post"}],"author":[{"embeddable":true,"href":"https:\/\/nvnoticias.mx\/index.php\/wp-json\/wp\/v2\/users\/35"}],"replies":[{"embeddable":true,"href":"https:\/\/nvnoticias.mx\/index.php\/wp-json\/wp\/v2\/comments?post=210902"}],"version-history":[{"count":3,"href":"https:\/\/nvnoticias.mx\/index.php\/wp-json\/wp\/v2\/posts\/210902\/revisions"}],"predecessor-version":[{"id":210905,"href":"https:\/\/nvnoticias.mx\/index.php\/wp-json\/wp\/v2\/posts\/210902\/revisions\/210905"}],"wp:featuredmedia":[{"embeddable":true,"href":"https:\/\/nvnoticias.mx\/index.php\/wp-json\/wp\/v2\/media\/210906"}],"wp:attachment":[{"href":"https:\/\/nvnoticias.mx\/index.php\/wp-json\/wp\/v2\/media?parent=210902"}],"wp:term":[{"taxonomy":"category","embeddable":true,"href":"https:\/\/nvnoticias.mx\/index.php\/wp-json\/wp\/v2\/categories?post=210902"},{"taxonomy":"post_tag","embeddable":true,"href":"https:\/\/nvnoticias.mx\/index.php\/wp-json\/wp\/v2\/tags?post=210902"}],"curies":[{"name":"wp","href":"https:\/\/api.w.org\/{rel}","templated":true}]}}