{"id":210852,"date":"2026-03-04T09:49:59","date_gmt":"2026-03-04T15:49:59","guid":{"rendered":"https:\/\/nvnoticias.mx\/?p=210852"},"modified":"2026-03-04T09:50:04","modified_gmt":"2026-03-04T15:50:04","slug":"sheinbaum-confirma-que-hoy-enviara-la-iniciativa-de-reforma-electoral","status":"publish","type":"post","link":"https:\/\/nvnoticias.mx\/index.php\/2026\/03\/04\/sheinbaum-confirma-que-hoy-enviara-la-iniciativa-de-reforma-electoral\/","title":{"rendered":"Sheinbaum confirma que hoy enviar\u00e1 la iniciativa de reforma electoral"},"content":{"rendered":"\n<p>La presidenta Claudia Sheinbaum confirm\u00f3 que hoy enviar\u00e1 a la C\u00e1mara de Diputados la iniciativa de reforma constitucional en materia electoral priorizando dos elementos: la reducci\u00f3n del gasto electoral y la&nbsp;modificaci\u00f3n del sistema de plurinominales para que sean electos por la gente. Sin embargo, ante un&nbsp;eventual rechazo de la iniciativa anticip\u00f3 que hay un Plan B, sobre el cual no quiso detallar.<\/p>\n\n\n\n<p>\u201cSi por alguna raz\u00f3n la reforma no se aprueba queda ah\u00ed, escrita para que posteriormente pueda recuperarse\u201d, asever\u00f3. Al abundar en torno a la nueva f\u00f3rmula plurinominal cit\u00f3 que en el caso de la C\u00e1mara de Diputados es una representaci\u00f3n popular, los partidos son un medio pero no un fin en s\u00ed mismo, por eso la gente debe elegir a todos los que&nbsp;&nbsp;lleguen a mismo . \u201cNo estamos quitando la &nbsp;proporcionalidad&nbsp;de&nbsp;la representaci\u00f3n de los partidos, se est\u00e1 reconociendo diversidad pol\u00edtica, pero ya ser\u00e1n listas definidas por unas cuantas personas\u201d.&nbsp;<\/p>\n\n\n\n<p>Con ello ya no se podr\u00e1 hacer lo que hizo en el pasado el l\u00edder del PAN (Ricardo Anaya) de vivir en Estados Unidos y postularse por la v\u00eda plurinominal y llegar con el cargo a M\u00e9xico. Record\u00f3 que en el pasado los presidentes no s\u00f3lo influ\u00edan&nbsp;en las listas de su partido, sino incluso en los candidatos de la oposici\u00f3n.&nbsp;<\/p>\n\n\n\n<p>En este contexto present\u00f3 nuevamente el dec\u00e1logo de la democracia que contiene los diez puntos centrales de la reforma, entre los que destaca tambi\u00e9n la reducci\u00f3n de los tiempos de espots para las campa\u00f1as electorales (de 48 a 35 minutos) lo cual justific\u00f3 asegurando que son demasiados y se repiten interminablemente en las campa\u00f1as.&nbsp;<\/p>\n\n\n\n<p>Record\u00f3 que tambi\u00e9n se incrementar\u00e1n las facultades fiscalizadoras del Instituto Nacional Electoral con mayor coordinaci\u00f3n con la Unidad de Inteligencia Financiera para mejorar la capacidad fiscalizadora.&nbsp;<\/p>\n\n\n\n<p>Fuente: La <a href=\"https:\/\/www.jornada.com.mx\/noticia\/2026\/03\/04\/politica\/sheinbaum-confirma-que-hoy-enviara-la-iniciativa-de-reforma-electoral-anticipa-plan-b\">Jornada<\/a><\/p>\n","protected":false},"excerpt":{"rendered":"<p>La presidenta Claudia Sheinbaum confirm\u00f3 que hoy enviar\u00e1 a la C\u00e1mara de Diputados la iniciativa de reforma constitucional en materia electoral priorizando dos elementos: la reducci\u00f3n del gasto electoral y la&nbsp;modificaci\u00f3n del sistema de plurinominales para que sean electos por la gente. Sin embargo, ante un&nbsp;eventual rechazo de la iniciativa anticip\u00f3 que hay un Plan [&hellip;]<\/p>\n","protected":false},"author":35,"featured_media":210855,"comment_status":"open","ping_status":"open","sticky":false,"template":"","format":"standard","meta":{"_monsterinsights_skip_tracking":false,"_monsterinsights_sitenote_active":false,"_monsterinsights_sitenote_note":"","_monsterinsights_sitenote_category":0,"footnotes":""},"categories":[158],"tags":[2801,162],"class_list":["post-210852","post","type-post","status-publish","format-standard","has-post-thumbnail","hentry","category-politica","tag-claudia-sheinbaum","tag-portada","wp-image-borders"],"amp_enabled":true,"_links":{"self":[{"href":"https:\/\/nvnoticias.mx\/index.php\/wp-json\/wp\/v2\/posts\/210852","targetHints":{"allow":["GET"]}}],"collection":[{"href":"https:\/\/nvnoticias.mx\/index.php\/wp-json\/wp\/v2\/posts"}],"about":[{"href":"https:\/\/nvnoticias.mx\/index.php\/wp-json\/wp\/v2\/types\/post"}],"author":[{"embeddable":true,"href":"https:\/\/nvnoticias.mx\/index.php\/wp-json\/wp\/v2\/users\/35"}],"replies":[{"embeddable":true,"href":"https:\/\/nvnoticias.mx\/index.php\/wp-json\/wp\/v2\/comments?post=210852"}],"version-history":[{"count":3,"href":"https:\/\/nvnoticias.mx\/index.php\/wp-json\/wp\/v2\/posts\/210852\/revisions"}],"predecessor-version":[{"id":210858,"href":"https:\/\/nvnoticias.mx\/index.php\/wp-json\/wp\/v2\/posts\/210852\/revisions\/210858"}],"wp:featuredmedia":[{"embeddable":true,"href":"https:\/\/nvnoticias.mx\/index.php\/wp-json\/wp\/v2\/media\/210855"}],"wp:attachment":[{"href":"https:\/\/nvnoticias.mx\/index.php\/wp-json\/wp\/v2\/media?parent=210852"}],"wp:term":[{"taxonomy":"category","embeddable":true,"href":"https:\/\/nvnoticias.mx\/index.php\/wp-json\/wp\/v2\/categories?post=210852"},{"taxonomy":"post_tag","embeddable":true,"href":"https:\/\/nvnoticias.mx\/index.php\/wp-json\/wp\/v2\/tags?post=210852"}],"curies":[{"name":"wp","href":"https:\/\/api.w.org\/{rel}","templated":true}]}}