{"id":210678,"date":"2026-03-02T13:35:27","date_gmt":"2026-03-02T19:35:27","guid":{"rendered":"https:\/\/nvnoticias.mx\/?p=210678"},"modified":"2026-03-02T13:35:32","modified_gmt":"2026-03-02T19:35:32","slug":"se-manifiestan-para-pedir-liberacion-de-jovenes-acusados-de-ser-responsables-de-la-rina-en-la-unidad-deportiva-hugo-sanchez","status":"publish","type":"post","link":"https:\/\/nvnoticias.mx\/index.php\/2026\/03\/02\/se-manifiestan-para-pedir-liberacion-de-jovenes-acusados-de-ser-responsables-de-la-rina-en-la-unidad-deportiva-hugo-sanchez\/","title":{"rendered":"Se manifiestan para pedir liberaci\u00f3n de j\u00f3venes acusados de ser responsables de la ri\u00f1a en la unidad deportiva Hugo S\u00e1nchez"},"content":{"rendered":"\n<p><\/p>\n\n\n\n<p><strong>Jes\u00fas Utrilla \/ NV Noticias<\/strong><\/p>\n\n\n\n<p>Familiares de los dos j\u00f3venes detenidos por su presunta participaci\u00f3n en el homicidio ocurrido tras una ri\u00f1a en la unidad deportiva Hugo S\u00e1nchez, el pasado 21 de febrero, exigieron que se esclarezcan los hechos y que no se criminalice a personas inocentes.<\/p>\n\n\n\n<p>Lady Hern\u00e1ndez, t\u00eda de Kevin Jovany \u201cN\u201d, asegur\u00f3 que su sobrino no estuvo presente en el partido donde se origin\u00f3 el altercado y afirm\u00f3 que, al momento de la agresi\u00f3n, se encontraba con su hijo.<\/p>\n\n\n\n<p>La familia se\u00f1al\u00f3 que el joven estar\u00eda siendo se\u00f1alado \u00fanicamente por su apariencia f\u00edsica. \u201cPor traer tenis y tener tatuajes lo est\u00e1n inculpando\u201d, acusaron, al tiempo que pidieron a las autoridades revisar las c\u00e1maras de videovigilancia de viviendas cercanas y de los alrededores de la unidad deportiva para identificar a los verdaderos responsables.<\/p>\n\n\n\n<p>A su consideraci\u00f3n, Kevin Jovany \u201cN\u201d estar\u00eda siendo utilizado como \u201cchivo expiatorio\u201d para dar una respuesta r\u00e1pida al caso. Insistieron en que se trata de un joven trabajador que se desempe\u00f1a como vendedor ambulante en la zona de playas y que no tiene antecedentes delictivos.<\/p>\n\n\n\n<p>Asimismo, negaron que forme parte de la porra del Racing de Veracruz, como se ha mencionado en algunas versiones, y reiteraron su llamado a que el proceso se lleve con apego a derecho y con base en pruebas contundentes, no en suposiciones.<\/p>\n","protected":false},"excerpt":{"rendered":"<p>Jes\u00fas Utrilla \/ NV Noticias Familiares de los dos j\u00f3venes detenidos por su presunta participaci\u00f3n en el homicidio ocurrido tras una ri\u00f1a en la unidad deportiva Hugo S\u00e1nchez, el pasado 21 de febrero, exigieron que se esclarezcan los hechos y que no se criminalice a personas inocentes. Lady Hern\u00e1ndez, t\u00eda de Kevin Jovany \u201cN\u201d, asegur\u00f3 [&hellip;]<\/p>\n","protected":false},"author":8,"featured_media":210682,"comment_status":"open","ping_status":"open","sticky":false,"template":"","format":"standard","meta":{"_monsterinsights_skip_tracking":false,"_monsterinsights_sitenote_active":false,"_monsterinsights_sitenote_note":"","_monsterinsights_sitenote_category":0,"footnotes":""},"categories":[154],"tags":[423,788,9664,25968],"class_list":["post-210678","post","type-post","status-publish","format-standard","has-post-thumbnail","hentry","category-veracruz","tag-boca-del-rio","tag-detenidos","tag-rina","tag-unidad-deportiva-hugo-sanchez","wp-image-borders"],"amp_enabled":true,"_links":{"self":[{"href":"https:\/\/nvnoticias.mx\/index.php\/wp-json\/wp\/v2\/posts\/210678","targetHints":{"allow":["GET"]}}],"collection":[{"href":"https:\/\/nvnoticias.mx\/index.php\/wp-json\/wp\/v2\/posts"}],"about":[{"href":"https:\/\/nvnoticias.mx\/index.php\/wp-json\/wp\/v2\/types\/post"}],"author":[{"embeddable":true,"href":"https:\/\/nvnoticias.mx\/index.php\/wp-json\/wp\/v2\/users\/8"}],"replies":[{"embeddable":true,"href":"https:\/\/nvnoticias.mx\/index.php\/wp-json\/wp\/v2\/comments?post=210678"}],"version-history":[{"count":1,"href":"https:\/\/nvnoticias.mx\/index.php\/wp-json\/wp\/v2\/posts\/210678\/revisions"}],"predecessor-version":[{"id":210683,"href":"https:\/\/nvnoticias.mx\/index.php\/wp-json\/wp\/v2\/posts\/210678\/revisions\/210683"}],"wp:featuredmedia":[{"embeddable":true,"href":"https:\/\/nvnoticias.mx\/index.php\/wp-json\/wp\/v2\/media\/210682"}],"wp:attachment":[{"href":"https:\/\/nvnoticias.mx\/index.php\/wp-json\/wp\/v2\/media?parent=210678"}],"wp:term":[{"taxonomy":"category","embeddable":true,"href":"https:\/\/nvnoticias.mx\/index.php\/wp-json\/wp\/v2\/categories?post=210678"},{"taxonomy":"post_tag","embeddable":true,"href":"https:\/\/nvnoticias.mx\/index.php\/wp-json\/wp\/v2\/tags?post=210678"}],"curies":[{"name":"wp","href":"https:\/\/api.w.org\/{rel}","templated":true}]}}