{"id":210671,"date":"2026-03-02T13:27:42","date_gmt":"2026-03-02T19:27:42","guid":{"rendered":"https:\/\/nvnoticias.mx\/?p=210671"},"modified":"2026-03-02T13:27:46","modified_gmt":"2026-03-02T19:27:46","slug":"detectan-desvio-ilegal-de-agua-hacia-boca-del-rio","status":"publish","type":"post","link":"https:\/\/nvnoticias.mx\/index.php\/2026\/03\/02\/detectan-desvio-ilegal-de-agua-hacia-boca-del-rio\/","title":{"rendered":"Detectan desv\u00edo ilegal de agua hacia Boca del R\u00edo\u00a0"},"content":{"rendered":"\n<p><\/p>\n\n\n\n<p><strong>Jes\u00fas Utrilla \/ NV Noticias<\/strong> <\/p>\n\n\n\n<p>Veracruz, Ver. 2 de marzo de 2026.- El desv\u00edo de casi 4 millones de litros de agua diarios del sistema de Veracruz hacia Boca del R\u00edo fue detectado durante una inspecci\u00f3n oficial, lo que deriv\u00f3 en una orden inmediata para retirar la conexi\u00f3n se\u00f1alada como ilegal.<\/p>\n\n\n\n<p>La alcaldesa Rosa Mar\u00eda Hern\u00e1ndez Espejo inform\u00f3 que el Instituto Metropolitano del Agua (IMA) instruy\u00f3 a Grupo Metropolitano de Agua y Saneamiento (Grupo MAS) eliminar la l\u00ednea que presuntamente sustrae agua sin acreditar autorizaci\u00f3n legal, afectando el abasto para los usuarios del municipio de Veracruz.<\/p>\n\n\n\n<p>La irregularidad fue identificada el 19 de febrero, cuando personal del instituto localiz\u00f3 una conexi\u00f3n que parte de la Planta Potabilizadora 1 hacia el tanque del M\u00e9dano del Perro y contin\u00faa por diversas vialidades hasta cruzar el bulevar Adolfo Ruiz Cortines, donde se integrar\u00eda a la red que abastece al fraccionamiento Costa de Oro y\/o a instalaciones del CAB en Boca del R\u00edo.<\/p>\n\n\n\n<p>Durante la revisi\u00f3n se encontraron v\u00e1lvulas de control y medidores que registraban un flujo superior a 45 litros por segundo, equivalente a 3 millones 888 mil litros diarios, volumen que reduce la disponibilidad del recurso para la poblaci\u00f3n veracruzana y compromete la distribuci\u00f3n equitativa del servicio.<\/p>\n\n\n\n<p>Con base en la Ley Org\u00e1nica del Municipio Libre y la normativa aplicable, el IMA notific\u00f3 formalmente a la concesionaria y anunci\u00f3 que el caso ser\u00e1 presentado ante el Consejo Consultivo Ciudadano para su an\u00e1lisis. De confirmarse la irregularidad, podr\u00edan iniciarse los procedimientos legales correspondientes en defensa del derecho al agua de los habitantes de Veracruz.<\/p>\n","protected":false},"excerpt":{"rendered":"<p>Jes\u00fas Utrilla \/ NV Noticias Veracruz, Ver. 2 de marzo de 2026.- El desv\u00edo de casi 4 millones de litros de agua diarios del sistema de Veracruz hacia Boca del R\u00edo fue detectado durante una inspecci\u00f3n oficial, lo que deriv\u00f3 en una orden inmediata para retirar la conexi\u00f3n se\u00f1alada como ilegal. La alcaldesa Rosa Mar\u00eda [&hellip;]<\/p>\n","protected":false},"author":8,"featured_media":210672,"comment_status":"open","ping_status":"open","sticky":false,"template":"","format":"standard","meta":{"_monsterinsights_skip_tracking":false,"_monsterinsights_sitenote_active":false,"_monsterinsights_sitenote_note":"","_monsterinsights_sitenote_category":0,"footnotes":""},"categories":[154],"tags":[1531,423,20731,162,180],"class_list":["post-210671","post","type-post","status-publish","format-standard","has-post-thumbnail","hentry","category-veracruz","tag-agua-potable","tag-boca-del-rio","tag-desvio","tag-portada","tag-veracruz","wp-image-borders"],"amp_enabled":true,"_links":{"self":[{"href":"https:\/\/nvnoticias.mx\/index.php\/wp-json\/wp\/v2\/posts\/210671","targetHints":{"allow":["GET"]}}],"collection":[{"href":"https:\/\/nvnoticias.mx\/index.php\/wp-json\/wp\/v2\/posts"}],"about":[{"href":"https:\/\/nvnoticias.mx\/index.php\/wp-json\/wp\/v2\/types\/post"}],"author":[{"embeddable":true,"href":"https:\/\/nvnoticias.mx\/index.php\/wp-json\/wp\/v2\/users\/8"}],"replies":[{"embeddable":true,"href":"https:\/\/nvnoticias.mx\/index.php\/wp-json\/wp\/v2\/comments?post=210671"}],"version-history":[{"count":1,"href":"https:\/\/nvnoticias.mx\/index.php\/wp-json\/wp\/v2\/posts\/210671\/revisions"}],"predecessor-version":[{"id":210673,"href":"https:\/\/nvnoticias.mx\/index.php\/wp-json\/wp\/v2\/posts\/210671\/revisions\/210673"}],"wp:featuredmedia":[{"embeddable":true,"href":"https:\/\/nvnoticias.mx\/index.php\/wp-json\/wp\/v2\/media\/210672"}],"wp:attachment":[{"href":"https:\/\/nvnoticias.mx\/index.php\/wp-json\/wp\/v2\/media?parent=210671"}],"wp:term":[{"taxonomy":"category","embeddable":true,"href":"https:\/\/nvnoticias.mx\/index.php\/wp-json\/wp\/v2\/categories?post=210671"},{"taxonomy":"post_tag","embeddable":true,"href":"https:\/\/nvnoticias.mx\/index.php\/wp-json\/wp\/v2\/tags?post=210671"}],"curies":[{"name":"wp","href":"https:\/\/api.w.org\/{rel}","templated":true}]}}