{"id":210545,"date":"2026-02-28T18:47:27","date_gmt":"2026-03-01T00:47:27","guid":{"rendered":"https:\/\/nvnoticias.mx\/?p=210545"},"modified":"2026-02-28T18:48:29","modified_gmt":"2026-03-01T00:48:29","slug":"murio-ali-khamenei-lider-supremo-del-regimen-de-iran","status":"publish","type":"post","link":"https:\/\/nvnoticias.mx\/index.php\/2026\/02\/28\/murio-ali-khamenei-lider-supremo-del-regimen-de-iran\/","title":{"rendered":"Muri\u00f3 Ali Khamenei, l\u00edder supremo del r\u00e9gimen de Ir\u00e1n"},"content":{"rendered":"\n<p><\/p>\n\n\n\n<p>El presidente de Estados Unidos,\u00a0<strong>Donald Trump<\/strong>, afirm\u00f3 que el l\u00edder iran\u00ed\u00a0Ali Jamene\u00ed fue asesinado\u00a0luego del bombardeo que se realiz\u00f3 en colaboraci\u00f3n con Israel.<\/p>\n\n\n\n<p>\u201c<strong>Jamenei<\/strong>, una de las personas m\u00e1s malvadas de la historia,&nbsp;<strong>ha muerto<\/strong>. Esto no solo es justicia para el pueblo iran\u00ed, sino para todos los grandes estadounidenses y las personas de muchos pa\u00edses del mundo que han sido asesinadas o mutiladas por Jamenei y su banda de matones sanguinarios\u201d, escribi\u00f3 en su cuenta de Truth Social.<\/p>\n\n\n\n<p>Afirm\u00f3 que con la muerte del&nbsp;<strong>Jamene\u00ed<\/strong>, el pueblo iran\u00ed tiene la oportunidad de \u201crecuperar su pa\u00eds\u201d, aunque considera que los bombardeos no se detendr\u00e1n durante una semana hasta lograr \u201cpaz en Medio Oriente y, de hecho, en el mundo\u201d.<\/p>\n\n\n\n<p><strong>Al\u00ed Khamenei ocup\u00f3 el cargo de l\u00edder supremo desde 1989<\/strong>, tras la muerte del ayatol\u00e1 Ruhollah Khomeini, el arquitecto de la Revoluci\u00f3n iran\u00ed de 1979. Antes de asumir el liderazgo supremo, Khamenei fue el primer cl\u00e9rigo en presidir el pa\u00eds, entre 1981 y 1989. Su ascenso a la c\u00faspide del poder requiri\u00f3 una reforma constitucional, ya que originalmente solo los ayatol\u00e1s de mayor reconocimiento pod\u00edan aspirar al cargo. La Constituci\u00f3n se modific\u00f3 para permitir que un experto en jurisprudencia isl\u00e1mica, como Khamenei, pudiera ser designado l\u00edder supremo, y posteriormente se le otorg\u00f3 el t\u00edtulo de gran ayatol\u00e1 o marya.<\/p>\n\n\n\n<p>Fuente: <a href=\"https:\/\/www.elfinanciero.com.mx\/mundo\/2026\/02\/28\/conflicto-eu-vs-iran-trump-y-netanyahu-hablan-por-telefono-tras-ataques-a-teheran-sigue-en-vivo\/\">El Financiero<\/a><\/p>\n","protected":false},"excerpt":{"rendered":"<p>El presidente de Estados Unidos,\u00a0Donald Trump, afirm\u00f3 que el l\u00edder iran\u00ed\u00a0Ali Jamene\u00ed fue asesinado\u00a0luego del bombardeo que se realiz\u00f3 en colaboraci\u00f3n con Israel. \u201cJamenei, una de las personas m\u00e1s malvadas de la historia,&nbsp;ha muerto. Esto no solo es justicia para el pueblo iran\u00ed, sino para todos los grandes estadounidenses y las personas de muchos pa\u00edses [&hellip;]<\/p>\n","protected":false},"author":6,"featured_media":210546,"comment_status":"open","ping_status":"open","sticky":false,"template":"","format":"standard","meta":{"_monsterinsights_skip_tracking":false,"_monsterinsights_sitenote_active":false,"_monsterinsights_sitenote_note":"","_monsterinsights_sitenote_category":0,"footnotes":""},"categories":[181],"tags":[33097,162],"class_list":["post-210545","post","type-post","status-publish","format-standard","has-post-thumbnail","hentry","category-internacional","tag-ali-khamenei","tag-portada","wp-image-borders"],"amp_enabled":true,"_links":{"self":[{"href":"https:\/\/nvnoticias.mx\/index.php\/wp-json\/wp\/v2\/posts\/210545","targetHints":{"allow":["GET"]}}],"collection":[{"href":"https:\/\/nvnoticias.mx\/index.php\/wp-json\/wp\/v2\/posts"}],"about":[{"href":"https:\/\/nvnoticias.mx\/index.php\/wp-json\/wp\/v2\/types\/post"}],"author":[{"embeddable":true,"href":"https:\/\/nvnoticias.mx\/index.php\/wp-json\/wp\/v2\/users\/6"}],"replies":[{"embeddable":true,"href":"https:\/\/nvnoticias.mx\/index.php\/wp-json\/wp\/v2\/comments?post=210545"}],"version-history":[{"count":1,"href":"https:\/\/nvnoticias.mx\/index.php\/wp-json\/wp\/v2\/posts\/210545\/revisions"}],"predecessor-version":[{"id":210547,"href":"https:\/\/nvnoticias.mx\/index.php\/wp-json\/wp\/v2\/posts\/210545\/revisions\/210547"}],"wp:featuredmedia":[{"embeddable":true,"href":"https:\/\/nvnoticias.mx\/index.php\/wp-json\/wp\/v2\/media\/210546"}],"wp:attachment":[{"href":"https:\/\/nvnoticias.mx\/index.php\/wp-json\/wp\/v2\/media?parent=210545"}],"wp:term":[{"taxonomy":"category","embeddable":true,"href":"https:\/\/nvnoticias.mx\/index.php\/wp-json\/wp\/v2\/categories?post=210545"},{"taxonomy":"post_tag","embeddable":true,"href":"https:\/\/nvnoticias.mx\/index.php\/wp-json\/wp\/v2\/tags?post=210545"}],"curies":[{"name":"wp","href":"https:\/\/api.w.org\/{rel}","templated":true}]}}