{"id":20992,"date":"2021-08-12T11:15:40","date_gmt":"2021-08-12T16:15:40","guid":{"rendered":"https:\/\/nvnoticias.mx\/?p=20992"},"modified":"2021-08-12T11:15:42","modified_gmt":"2021-08-12T16:15:42","slug":"ola-de-calor-temperaturas-historicas-en-italia","status":"publish","type":"post","link":"https:\/\/nvnoticias.mx\/index.php\/2021\/08\/12\/ola-de-calor-temperaturas-historicas-en-italia\/","title":{"rendered":"Ola de calor: Temperaturas hist\u00f3ricas en Italia"},"content":{"rendered":"\n<p>La ola de calor que se registra en el Mediterr\u00e1neo&nbsp;est\u00e1 provocando en Italia la semana m\u00e1s c\u00e1lida del a\u00f1o y las zonas sur y centro-oeste del pa\u00eds se encuentran en alerta al menos hasta el fin de la semana con temperaturas hist\u00f3ricas que superan los 45 grados.<\/p>\n\n\n\n<p>El mi\u00e9rcoles, la ciudad de Siracusa, en la isla de Sicilia (sur), alcanz\u00f3 los 48.8 grados, seg\u00fan el Servicio Informativo Agrometeorol\u00f3gico (SIAS) del gobierno regional, cifra que podr\u00eda suponer un nuevo r\u00e9cord de calor en Europa y superar\u00eda los 48 grados de Atenas en 1977. El r\u00e9cord a\u00fan&nbsp;deber\u00e1 ser confirmado por la Organizaci\u00f3n Meteorol\u00f3gica Mundial. <\/p>\n\n\n\n<p>En la isla, las m\u00e1ximas de hoy se esperan en la parte centro-meridional, con temperaturas de entre 42 y 44 grados e incluso de 46 cerca de las ciudades de Tr\u00e1pani y Agrigento. Tambi\u00e9n en la otra gran isla italiana, Cerde\u00f1a, donde ayer se registraron picos de 43.1 grados, hoy se esperan m\u00e1ximas que no bajan de los 35 y pueden llegar a los 41. El resto de regiones meridionales siguen en alerta: Calabria, la punta de la &#8220;bota&#8221; italiana, que roz\u00f3 los 42 grados, hoy espera m\u00e1ximas de 38 grados; las mismas que Campania, con capital en N\u00e1poles, y que el Lacio, la regi\u00f3n de Roma, donde se lleg\u00f3 a los 40 grados ayer. <\/p>\n\n\n\n<p>Aunque la capital italiana est\u00e1 llena de fuentes, el servicio de Protecci\u00f3n Civil de Roma ha habilitado varios puntos de suministro de botellas de agua para los romanos y los miles de turistas&nbsp;que, a pesar del calor, pasean por la ciudad cada d\u00eda. Tambi\u00e9n la Toscana, regi\u00f3n al norte de Roma, vivir\u00e1 hoy m\u00e1ximas de 39 grados en ciudades como su capital, Florencia. El calor, m\u00e1s intenso en las primeras horas de la tarde, comenzar\u00e1 a dar tregua en el pa\u00eds a partir del viernes, cuando descender\u00e1 algunos grados.<\/p>\n\n\n\n<p> Esta situaci\u00f3n ha agravado los numerosos incendios que se extienden por la Italia meridional, sobre todo en Sicilia, que declar\u00f3 la semana pasada el estado de emergencia y ha tenido que evacuar a los habitantes de algunas zonas, y en Calabria, donde se ha movilizado al Ej\u00e9rcito para luchar contra el fuego. <\/p>\n\n\n\n<p>Fuente: Milenio<\/p>\n","protected":false},"excerpt":{"rendered":"<p>La ola de calor que se registra en el Mediterr\u00e1neo&nbsp;est\u00e1 provocando en Italia la semana m\u00e1s c\u00e1lida del a\u00f1o y las zonas sur y centro-oeste del pa\u00eds se encuentran en alerta al menos hasta el fin de la semana con temperaturas hist\u00f3ricas que superan los 45 grados. El mi\u00e9rcoles, la ciudad de Siracusa, en la [&hellip;]<\/p>\n","protected":false},"author":35,"featured_media":21002,"comment_status":"open","ping_status":"open","sticky":false,"template":"","format":"standard","meta":{"_monsterinsights_skip_tracking":false,"_monsterinsights_sitenote_active":false,"_monsterinsights_sitenote_note":"","_monsterinsights_sitenote_category":0,"footnotes":""},"categories":[181],"tags":[2210,864,4720,4029],"class_list":["post-20992","post","type-post","status-publish","format-standard","has-post-thumbnail","hentry","category-internacional","tag-calor","tag-italia","tag-ola-de-calor","tag-temperaturas","wp-image-borders"],"amp_enabled":true,"_links":{"self":[{"href":"https:\/\/nvnoticias.mx\/index.php\/wp-json\/wp\/v2\/posts\/20992","targetHints":{"allow":["GET"]}}],"collection":[{"href":"https:\/\/nvnoticias.mx\/index.php\/wp-json\/wp\/v2\/posts"}],"about":[{"href":"https:\/\/nvnoticias.mx\/index.php\/wp-json\/wp\/v2\/types\/post"}],"author":[{"embeddable":true,"href":"https:\/\/nvnoticias.mx\/index.php\/wp-json\/wp\/v2\/users\/35"}],"replies":[{"embeddable":true,"href":"https:\/\/nvnoticias.mx\/index.php\/wp-json\/wp\/v2\/comments?post=20992"}],"version-history":[{"count":6,"href":"https:\/\/nvnoticias.mx\/index.php\/wp-json\/wp\/v2\/posts\/20992\/revisions"}],"predecessor-version":[{"id":21001,"href":"https:\/\/nvnoticias.mx\/index.php\/wp-json\/wp\/v2\/posts\/20992\/revisions\/21001"}],"wp:featuredmedia":[{"embeddable":true,"href":"https:\/\/nvnoticias.mx\/index.php\/wp-json\/wp\/v2\/media\/21002"}],"wp:attachment":[{"href":"https:\/\/nvnoticias.mx\/index.php\/wp-json\/wp\/v2\/media?parent=20992"}],"wp:term":[{"taxonomy":"category","embeddable":true,"href":"https:\/\/nvnoticias.mx\/index.php\/wp-json\/wp\/v2\/categories?post=20992"},{"taxonomy":"post_tag","embeddable":true,"href":"https:\/\/nvnoticias.mx\/index.php\/wp-json\/wp\/v2\/tags?post=20992"}],"curies":[{"name":"wp","href":"https:\/\/api.w.org\/{rel}","templated":true}]}}