{"id":20970,"date":"2021-08-12T10:32:08","date_gmt":"2021-08-12T15:32:08","guid":{"rendered":"https:\/\/nvnoticias.mx\/?p=20970"},"modified":"2021-08-12T10:32:34","modified_gmt":"2021-08-12T15:32:34","slug":"cabo-trafalgar-y-otras-herencias-malditas","status":"publish","type":"post","link":"https:\/\/nvnoticias.mx\/index.php\/2021\/08\/12\/cabo-trafalgar-y-otras-herencias-malditas\/","title":{"rendered":"Cabo trafalgar y otras herencias malditas"},"content":{"rendered":"\n<p><strong>Miguel Salvador Rodr\u00edguez Azueta<\/strong>&nbsp;<\/p>\n\n\n\n<p>Hace algunos meses escrib\u00ed sobre el triste final del buque \u201cAsia\u201d, despu\u00e9s bautizado como \u201cCongreso Mexicano\u201d y record\u00e9 que algo hab\u00eda escrito sobre la marina espa\u00f1ola, buscando encontr\u00e9 este&nbsp;art\u00edculo&nbsp;escrito a finales del 2005, sobre la obra&nbsp;de Arturo&nbsp;P\u00e9rez Reverte, \u201cCabo Trafalgar\u201d.&nbsp;&nbsp;&nbsp;<\/p>\n\n\n\n<p>En su momento esta novela de P\u00e9rez Reverte me hizo reflexionar sobre mis escritos referentes a la batalla de Cerro Gordo de 1847, pues la historia oficial espa\u00f1ola y sus pol\u00edticos son muy parecidos a los&nbsp;nuestros, a&nbsp;mi parecer, de igual manera tratan de mantener en la oscuridad los hechos de ignominia a los que nos han arrastrado en su loco juego por el poder. En Cerro Gordo, Municipio de Emiliano Zapata, Veracruz, murieron cientos de soldados mexicanos valientes y hoy, no hay nada que los recuerde, pues la placa anda rodando por la falda del cerro junto con el excremento de las vacas.&nbsp;&nbsp;&nbsp;<\/p>\n\n\n\n<p>En Cabo trafalgar, entre la playa de Zahora y Ca\u00f1os de Meca en la Pen\u00ednsula Ib\u00e9rica, hoy es una playa llena de turistas, y\u00a0\u00a0 P\u00e9rez Reverte en una entrevista para la agencia EFE coment\u00f3: \u201chace 200 a\u00f1os en estas mismas playas, yac\u00edan alrededor de 4000 espa\u00f1oles y unos 500 ingleses, hoy no hay ni una m\u00edsera piedra o placa que los recuerde\u201d. Y agreg\u00f3: \u201cEsto es una pobreza cultural. Si estuvi\u00e9ramos en Inglaterra habr\u00eda miles de homenajes y hasta una tienda, pero Espa\u00f1a olvida todo y no quiere tener memoria\u201d.\u00a0\u00a0<\/p>\n\n\n\n<figure class=\"wp-block-image size-large\"><img loading=\"lazy\" decoding=\"async\" width=\"640\" height=\"934\" src=\"https:\/\/nvnoticias.mx\/wp-content\/uploads\/2021\/08\/cabo-trafagal-1.jpeg\" alt=\"\" class=\"wp-image-20982\" srcset=\"https:\/\/nvnoticias.mx\/wp-content\/uploads\/2021\/08\/cabo-trafagal-1.jpeg 640w, https:\/\/nvnoticias.mx\/wp-content\/uploads\/2021\/08\/cabo-trafagal-1-206x300.jpeg 206w\" sizes=\"auto, (max-width: 640px) 100vw, 640px\" \/><\/figure>\n\n\n\n<p>Esta reflexi\u00f3n del autor es la misma que muchos intelectuales y gente com\u00fan nos hacemos en M\u00e9xico, donde de igual manera dejamos que el paso del tiempo se encargue de borrar las tropel\u00edas y aberraciones de nuestros gobernantes, pero hagamos una retrospectiva hist\u00f3rica para conocer que paso en el Cabo de Trafalgar hace 200 a\u00f1os.&nbsp;&nbsp;&nbsp;<\/p>\n\n\n\n<p>La Alianza entre la decadente monarqu\u00eda de Carlos IV de Espa\u00f1a y el poderoso Emperador Napole\u00f3n I de Francia, tuvieron como antecedente los tratados de San Ildefonso firmados con la anterior Rep\u00fablica Francesa, \u00e9stos obligaban a Espa\u00f1a no s\u00f3lo a contribuir econ\u00f3micamente a las guerras de Napole\u00f3n, sino a poner a su disposici\u00f3n la armada real para combatir a la flota inglesa que amenazaba las posesiones francesas del Caribe.&nbsp; -Otra caracter\u00edstica similar que tenemos&nbsp;con nuestros&nbsp;hermanos espa\u00f1oles, es que cumpl\u00edan sus acuerdos con otras potencias, y \u00e9stas \u00faltimas no, como pasa hoy en d\u00eda con nosotros y nuestros vecinos del norte y el tratado de libre comercio que s\u00f3lo nosotros tomamos en&nbsp;serio. &#8211;&nbsp;Pues bien, algunos historiadores afirman que la intenci\u00f3n de Napole\u00f3n era distraer a la flota inglesa en el Caribe para realizar la invasi\u00f3n a las Islas brit\u00e1nicas. Pero como Napole\u00f3n era un zorro, tal vez era un plan del mismo para perpetuarse en el poder, pues los hombres de la invasi\u00f3n fueron utilizados para la famosa batalla de&nbsp;Austerlitz, lo&nbsp; que le permiti\u00f3 a \u00e9ste afianzar su poder en el continente, y como bien sabemos si algo ten\u00eda el Gran Corzo era&nbsp; que un principio hacia caso de sus asesores, y como dijo el Lord del Almirantazgo ingl\u00e9s John&nbsp;Jervis&nbsp;en 1801 \u201cYo no digo que los franceses de napole\u00f3n no vayan a venir, pero desde luego, no vendr\u00e1 por mar\u201d.&nbsp;<\/p>\n\n\n\n<p>As\u00ed las cosas, debido a ciertos cambios de planes ordenados por Napole\u00f3n, la flota combinada de espa\u00f1oles y franceses se le orden\u00f3 que se dirigieran a apoyar el bloqueo de N\u00e1poles.&nbsp; En total 33 buques, cuya tripulaci\u00f3n,&nbsp; debido a la fiebre amarilla que hab\u00eda azotado Andaluc\u00eda, tuvo que ser&nbsp; completada&nbsp; mediante levas en tabernas y lugares de mala muerte con gente que en su mayor\u00eda nunca se hab\u00eda subido ni a una piragua, algo muy Espa\u00f1ol que nos trasmitieron a nosotros, pues algunos recordaran la famosa expedici\u00f3n de Barradas en 1838 y como el General Santa Anna con irresponsabilidad y buena suerte condujo una escuadra que inclu\u00eda piraguas y&nbsp; pangas para hacer frente a la invasi\u00f3n.&nbsp;&nbsp;<\/p>\n\n\n\n<p>As\u00ed las cosas, la armada&nbsp;Inglesa&nbsp;al mando del Almirante Nelson estaba compuesta por marineros profesionales, casi todos con varios a\u00f1os en la mar y amplia experiencia en combate. A pesar de todos esto y ante las \u00f3rdenes del almirante&nbsp;Villenueve&nbsp;de partir a pesar de los consejos de los comandantes espa\u00f1oles Cosme de Churruca y Federico Gravina, que opinaban que no era prudente hacerlo, la flota Franco-Espa\u00f1ola&nbsp;parti\u00f3 de C\u00e1diz el 18 de octubre de 1805&nbsp;a pocas&nbsp;millas frente al cabo de Trafalgar. La flota inglesa compuesta de 27 barcos, era comandada por el legendario Horacio Nelson, quien orden\u00f3 atacar en forma de dos columnas paralelas a la l\u00ednea en perpendicular formada por&nbsp;Villenueve, lo que permiti\u00f3 cortar la l\u00ednea de batalla enemiga y rodear&nbsp;a varios&nbsp;de los mayores buques enemigos con hasta cuatro o cinco de sus barcos.&nbsp;&nbsp;<\/p>\n\n\n\n<p>Al percatarse de la presencia de los&nbsp;Ingleses&nbsp;Villenueve&nbsp;orden\u00f3 virar hacia el noroeste para regresar a C\u00e1diz, pero esta orden tuvo como efecto la completa desorganizaci\u00f3n de la l\u00ednea de batalla, que permiti\u00f3 a la escuadra de Nelson capturar a los barcos franceses y espa\u00f1oles, cortar la l\u00ednea y batirles con artiller\u00eda por proa y popa, lo puntos m\u00e1s vulnerables de las embarcaciones, y como era de esperarse los que pudieron lograron huir rumbo a C\u00e1diz. Las bajas totales espa\u00f1olas se estiman en 1,025 muertos y 1383 heridos, francesas en 2,218 muertos y 1155 heridos. Los brit\u00e1nicos sufrieron 449 muertes y 1241, incluido el famoso Horacio Nelson quien fue muerto por un francotirador apostado en la cofa del barco&nbsp;Redoutable, comandado por el capit\u00e1n Jean Jaques de Lucas.&nbsp;&nbsp;<\/p>\n\n\n\n<p>Una vez analizado en contexto hist\u00f3rico, hago un breve comentario al libro de P\u00e9rez Reverte, se\u00f1alando que la tripulaci\u00f3n se compon\u00eda de hombres sacados de sus hogares, de las c\u00e1rceles o de las tabernas, y que sobre las cubiertas tapizadas con arena para evitar los resbalones no dejaban de mentar su mala suerte y correr por sus vidas, pues la mayor\u00eda no sab\u00eda ni nadar. Algo muy nuestro y que debemos de recordar, que este tipo de errores de hacer las cosas al \u201cAy se va\u201d es lo que nos tiene sumidos en la apat\u00eda y el rezago hist\u00f3rico.&nbsp;<\/p>\n\n\n\n<p>Agur&nbsp;<\/p>\n","protected":false},"excerpt":{"rendered":"<p>Miguel Salvador Rodr\u00edguez Azueta&nbsp; Hace algunos meses escrib\u00ed sobre el triste final del buque \u201cAsia\u201d, despu\u00e9s bautizado como \u201cCongreso Mexicano\u201d y record\u00e9 que algo hab\u00eda escrito sobre la marina espa\u00f1ola, buscando encontr\u00e9 este&nbsp;art\u00edculo&nbsp;escrito a finales del 2005, sobre la obra&nbsp;de Arturo&nbsp;P\u00e9rez Reverte, \u201cCabo Trafalgar\u201d.&nbsp;&nbsp;&nbsp; En su momento esta novela de P\u00e9rez Reverte me hizo reflexionar [&hellip;]<\/p>\n","protected":false},"author":30,"featured_media":20980,"comment_status":"open","ping_status":"open","sticky":false,"template":"","format":"standard","meta":{"_monsterinsights_skip_tracking":false,"_monsterinsights_sitenote_active":false,"_monsterinsights_sitenote_note":"","_monsterinsights_sitenote_category":0,"footnotes":""},"categories":[332],"tags":[333],"class_list":["post-20970","post","type-post","status-publish","format-standard","has-post-thumbnail","hentry","category-veracruz-en-la-cultura","tag-miguel-salvador-rodriguez-azueta","wp-image-borders"],"amp_enabled":true,"_links":{"self":[{"href":"https:\/\/nvnoticias.mx\/index.php\/wp-json\/wp\/v2\/posts\/20970","targetHints":{"allow":["GET"]}}],"collection":[{"href":"https:\/\/nvnoticias.mx\/index.php\/wp-json\/wp\/v2\/posts"}],"about":[{"href":"https:\/\/nvnoticias.mx\/index.php\/wp-json\/wp\/v2\/types\/post"}],"author":[{"embeddable":true,"href":"https:\/\/nvnoticias.mx\/index.php\/wp-json\/wp\/v2\/users\/30"}],"replies":[{"embeddable":true,"href":"https:\/\/nvnoticias.mx\/index.php\/wp-json\/wp\/v2\/comments?post=20970"}],"version-history":[{"count":3,"href":"https:\/\/nvnoticias.mx\/index.php\/wp-json\/wp\/v2\/posts\/20970\/revisions"}],"predecessor-version":[{"id":20983,"href":"https:\/\/nvnoticias.mx\/index.php\/wp-json\/wp\/v2\/posts\/20970\/revisions\/20983"}],"wp:featuredmedia":[{"embeddable":true,"href":"https:\/\/nvnoticias.mx\/index.php\/wp-json\/wp\/v2\/media\/20980"}],"wp:attachment":[{"href":"https:\/\/nvnoticias.mx\/index.php\/wp-json\/wp\/v2\/media?parent=20970"}],"wp:term":[{"taxonomy":"category","embeddable":true,"href":"https:\/\/nvnoticias.mx\/index.php\/wp-json\/wp\/v2\/categories?post=20970"},{"taxonomy":"post_tag","embeddable":true,"href":"https:\/\/nvnoticias.mx\/index.php\/wp-json\/wp\/v2\/tags?post=20970"}],"curies":[{"name":"wp","href":"https:\/\/api.w.org\/{rel}","templated":true}]}}