{"id":20931,"date":"2021-08-11T20:10:18","date_gmt":"2021-08-12T01:10:18","guid":{"rendered":"https:\/\/nvnoticias.mx\/?p=20931"},"modified":"2021-08-11T20:10:46","modified_gmt":"2021-08-12T01:10:46","slug":"dictan-prision-preventiva-a-laura-bozzo-por-fraude-fiscal-por-mas-de-12-mdp","status":"publish","type":"post","link":"https:\/\/nvnoticias.mx\/index.php\/2021\/08\/11\/dictan-prision-preventiva-a-laura-bozzo-por-fraude-fiscal-por-mas-de-12-mdp\/","title":{"rendered":"Dictan prisi\u00f3n preventiva a Laura Bozzo por fraude fiscal por m\u00e1s de 12 mdp"},"content":{"rendered":"\n<p>Por cometer un delito fiscal que rebasa los 12 millones de pesos,&nbsp;Laura Bozzo&nbsp;fue vinculada a proceso con prisi\u00f3n preventiva. Adem\u00e1s, no logr\u00f3 acreditar ante la autoridad fiscal cu\u00e1l era su domicilio.<\/p>\n\n\n\n<p>La presentadora de televisi\u00f3n vendi\u00f3 indebidamente un inmueble que estaba embargado por el&nbsp;Servicio de Administraci\u00f3n Tributaria (SAT),&nbsp;el cual garantizaba el pago de un adeudo por 13 millones 769 mil pesos.<\/p>\n\n\n\n<p>Este delito fiscal se conoce como depositaria infiel que se castiga con una pena de tres hasta nueve a\u00f1os de c\u00e1rcel.<\/p>\n\n\n\n<p>El Juez a cargo de la audiencia, y a petici\u00f3n de la&nbsp;Fiscal\u00eda General de la Republica (FGR), orden\u00f3 prisi\u00f3n preventiva justificada en el Reclusorio de Santiaguito, en Almoloya de Ju\u00e1rez.<\/p>\n\n\n\n<p>Esto quiere decir que&nbsp;Laura Bozzo&nbsp;deber\u00e1 entrar por su propio pie al reclusorio en pr\u00f3ximas horas, lo anterior por no acreditar fehacientemente cu\u00e1l es su domicilio permanente, por lo que hay riesgo de fuga.<\/p>\n\n\n\n<p>Hace tres meses, Bozzo hab\u00eda solicitado un acuerdo reparatorio para pagar el adeudo fiscal y, con ello, evitar ir a la c\u00e1rcel.<\/p>\n\n\n\n<p>Fuente: El Universal<\/p>\n","protected":false},"excerpt":{"rendered":"<p>Por cometer un delito fiscal que rebasa los 12 millones de pesos,&nbsp;Laura Bozzo&nbsp;fue vinculada a proceso con prisi\u00f3n preventiva. Adem\u00e1s, no logr\u00f3 acreditar ante la autoridad fiscal cu\u00e1l era su domicilio. La presentadora de televisi\u00f3n vendi\u00f3 indebidamente un inmueble que estaba embargado por el&nbsp;Servicio de Administraci\u00f3n Tributaria (SAT),&nbsp;el cual garantizaba el pago de un adeudo [&hellip;]<\/p>\n","protected":false},"author":7,"featured_media":20932,"comment_status":"open","ping_status":"open","sticky":false,"template":"","format":"standard","meta":{"_monsterinsights_skip_tracking":false,"_monsterinsights_sitenote_active":false,"_monsterinsights_sitenote_note":"","_monsterinsights_sitenote_category":0,"footnotes":""},"categories":[576],"tags":[5545,5544,2918,269],"class_list":["post-20931","post","type-post","status-publish","format-standard","has-post-thumbnail","hentry","category-ocio","tag-fraude-fiscal","tag-laura-bozzo","tag-prision-preventiva","tag-sat","wp-image-borders"],"amp_enabled":true,"_links":{"self":[{"href":"https:\/\/nvnoticias.mx\/index.php\/wp-json\/wp\/v2\/posts\/20931","targetHints":{"allow":["GET"]}}],"collection":[{"href":"https:\/\/nvnoticias.mx\/index.php\/wp-json\/wp\/v2\/posts"}],"about":[{"href":"https:\/\/nvnoticias.mx\/index.php\/wp-json\/wp\/v2\/types\/post"}],"author":[{"embeddable":true,"href":"https:\/\/nvnoticias.mx\/index.php\/wp-json\/wp\/v2\/users\/7"}],"replies":[{"embeddable":true,"href":"https:\/\/nvnoticias.mx\/index.php\/wp-json\/wp\/v2\/comments?post=20931"}],"version-history":[{"count":2,"href":"https:\/\/nvnoticias.mx\/index.php\/wp-json\/wp\/v2\/posts\/20931\/revisions"}],"predecessor-version":[{"id":20934,"href":"https:\/\/nvnoticias.mx\/index.php\/wp-json\/wp\/v2\/posts\/20931\/revisions\/20934"}],"wp:featuredmedia":[{"embeddable":true,"href":"https:\/\/nvnoticias.mx\/index.php\/wp-json\/wp\/v2\/media\/20932"}],"wp:attachment":[{"href":"https:\/\/nvnoticias.mx\/index.php\/wp-json\/wp\/v2\/media?parent=20931"}],"wp:term":[{"taxonomy":"category","embeddable":true,"href":"https:\/\/nvnoticias.mx\/index.php\/wp-json\/wp\/v2\/categories?post=20931"},{"taxonomy":"post_tag","embeddable":true,"href":"https:\/\/nvnoticias.mx\/index.php\/wp-json\/wp\/v2\/tags?post=20931"}],"curies":[{"name":"wp","href":"https:\/\/api.w.org\/{rel}","templated":true}]}}