{"id":20895,"date":"2021-08-11T13:21:45","date_gmt":"2021-08-11T18:21:45","guid":{"rendered":"https:\/\/nvnoticias.mx\/?p=20895"},"modified":"2021-08-11T13:21:46","modified_gmt":"2021-08-11T18:21:46","slug":"joe-biden-quiere-hacer-frente-al-autoritarismo","status":"publish","type":"post","link":"https:\/\/nvnoticias.mx\/index.php\/2021\/08\/11\/joe-biden-quiere-hacer-frente-al-autoritarismo\/","title":{"rendered":"Joe Biden quiere hacer frente al autoritarismo"},"content":{"rendered":"\n<p>El presidente de Estados Unidos,&nbsp;Joe Biden, convoc\u00f3 este mi\u00e9rcoles una cumbre virtual&nbsp;para diciembre de los l\u00edderes de las democracias del mundo para hacer frente a los autoritarismos, en medio de la lucha contra la pandemia de coronavirus.<\/p>\n\n\n\n<p>La Casa Blanca inform\u00f3 en un comunicado de que <strong>la cumbre se celebrar\u00e1 el 9 y el 10 de diciembre<\/strong>, y que girar\u00e1 en torno a tres temas principales: la defensa contra el autoritarismo, la lucha contra la corrupci\u00f3n y la promoci\u00f3n del respeto a los derechos humanos.<\/p>\n\n\n\n<p>El\u00a0gobierno de EU quiere que esas reuniones sirvan como una oportunidad para que los l\u00edderes mundiales se escuchen unos a otros\u00a0y a sus ciudadanos, compartan sus \u00e9xitos y lleven a cabo una colaboraci\u00f3n internacional. <\/p>\n\n\n\n<p>Adem\u00e1s, desea que hablen \u201cde forma honesta\u201d sobre los desaf\u00edos que afronta la democracia para fortalecer de manera colectiva la base para su renovaci\u00f3n.<\/p>\n\n\n\n<p>Con la celebraci\u00f3n de estas dos cumbres,&nbsp;Biden pretende cumplir una promesa sobre pol\u00edtica exterior hecha durante su campa\u00f1a electoral&nbsp;para los comicios presidenciales de noviembre pasado de que EU encabezar\u00eda los esfuerzos internacionales para luchar contra la corrupci\u00f3n, y la defensa contra el autoritarismo y a favor de los derechos humanos.<\/p>\n\n\n\n<p>Fuente: Forbes M\u00e9xico <\/p>\n","protected":false},"excerpt":{"rendered":"<p>El presidente de Estados Unidos,&nbsp;Joe Biden, convoc\u00f3 este mi\u00e9rcoles una cumbre virtual&nbsp;para diciembre de los l\u00edderes de las democracias del mundo para hacer frente a los autoritarismos, en medio de la lucha contra la pandemia de coronavirus. La Casa Blanca inform\u00f3 en un comunicado de que la cumbre se celebrar\u00e1 el 9 y el 10 [&hellip;]<\/p>\n","protected":false},"author":35,"featured_media":20901,"comment_status":"open","ping_status":"open","sticky":false,"template":"","format":"standard","meta":{"_monsterinsights_skip_tracking":false,"_monsterinsights_sitenote_active":false,"_monsterinsights_sitenote_note":"","_monsterinsights_sitenote_category":0,"footnotes":""},"categories":[181],"tags":[183,182],"class_list":["post-20895","post","type-post","status-publish","format-standard","has-post-thumbnail","hentry","category-internacional","tag-estados-unidos","tag-joe-biden","wp-image-borders"],"amp_enabled":true,"_links":{"self":[{"href":"https:\/\/nvnoticias.mx\/index.php\/wp-json\/wp\/v2\/posts\/20895","targetHints":{"allow":["GET"]}}],"collection":[{"href":"https:\/\/nvnoticias.mx\/index.php\/wp-json\/wp\/v2\/posts"}],"about":[{"href":"https:\/\/nvnoticias.mx\/index.php\/wp-json\/wp\/v2\/types\/post"}],"author":[{"embeddable":true,"href":"https:\/\/nvnoticias.mx\/index.php\/wp-json\/wp\/v2\/users\/35"}],"replies":[{"embeddable":true,"href":"https:\/\/nvnoticias.mx\/index.php\/wp-json\/wp\/v2\/comments?post=20895"}],"version-history":[{"count":4,"href":"https:\/\/nvnoticias.mx\/index.php\/wp-json\/wp\/v2\/posts\/20895\/revisions"}],"predecessor-version":[{"id":20905,"href":"https:\/\/nvnoticias.mx\/index.php\/wp-json\/wp\/v2\/posts\/20895\/revisions\/20905"}],"wp:featuredmedia":[{"embeddable":true,"href":"https:\/\/nvnoticias.mx\/index.php\/wp-json\/wp\/v2\/media\/20901"}],"wp:attachment":[{"href":"https:\/\/nvnoticias.mx\/index.php\/wp-json\/wp\/v2\/media?parent=20895"}],"wp:term":[{"taxonomy":"category","embeddable":true,"href":"https:\/\/nvnoticias.mx\/index.php\/wp-json\/wp\/v2\/categories?post=20895"},{"taxonomy":"post_tag","embeddable":true,"href":"https:\/\/nvnoticias.mx\/index.php\/wp-json\/wp\/v2\/tags?post=20895"}],"curies":[{"name":"wp","href":"https:\/\/api.w.org\/{rel}","templated":true}]}}