{"id":207763,"date":"2026-01-29T11:09:16","date_gmt":"2026-01-29T17:09:16","guid":{"rendered":"https:\/\/nvnoticias.mx\/?p=207763"},"modified":"2026-01-29T11:11:12","modified_gmt":"2026-01-29T17:11:12","slug":"sheinbaum-celebra-que-morena-pt-y-verde-refrenden-alianza","status":"publish","type":"post","link":"https:\/\/nvnoticias.mx\/index.php\/2026\/01\/29\/sheinbaum-celebra-que-morena-pt-y-verde-refrenden-alianza\/","title":{"rendered":"Sheinbaum celebra que Morena, PT y Verde refrenden alianza"},"content":{"rendered":"\n<p>La mandataria celebr\u00f3 que&nbsp;Morena, PT y PVEM refrendaran la alianza&nbsp;de cara al proceso electoral de 2027, luego de que surgieran voces opositoras a la&nbsp;reforma electoral&nbsp;que se presentar\u00e1 pr\u00f3ximamente.<\/p>\n\n\n\n<p>Los comentarios de actores pol\u00edticos de la alianza que se oponen a la iniciativa generaron sospechas sobre una posible ruptura rumbo a las elecciones.<\/p>\n\n\n\n<p>\u201cSe hab\u00eda dicho que por motivo de la reforma electoral que vamos a presentar hab\u00eda una divisi\u00f3n interna, entonces \u2014supongo\u2014 que relacionado con eso, salieron a decir que eso no est\u00e1 en duda, que van juntos en el 27 y la reforma ya nos corresponde a nosotros presentarla y se discutir\u00e1 en el Congreso\u201d, explic\u00f3.<\/p>\n","protected":false},"excerpt":{"rendered":"<p>La mandataria celebr\u00f3 que&nbsp;Morena, PT y PVEM refrendaran la alianza&nbsp;de cara al proceso electoral de 2027, luego de que surgieran voces opositoras a la&nbsp;reforma electoral&nbsp;que se presentar\u00e1 pr\u00f3ximamente. Los comentarios de actores pol\u00edticos de la alianza que se oponen a la iniciativa generaron sospechas sobre una posible ruptura rumbo a las elecciones. \u201cSe hab\u00eda dicho [&hellip;]<\/p>\n","protected":false},"author":35,"featured_media":196690,"comment_status":"open","ping_status":"open","sticky":false,"template":"","format":"standard","meta":{"_monsterinsights_skip_tracking":false,"_monsterinsights_sitenote_active":false,"_monsterinsights_sitenote_note":"","_monsterinsights_sitenote_category":0,"footnotes":""},"categories":[158],"tags":[2801,252,162,345],"class_list":["post-207763","post","type-post","status-publish","format-standard","has-post-thumbnail","hentry","category-politica","tag-claudia-sheinbaum","tag-morena","tag-portada","tag-pt","wp-image-borders"],"amp_enabled":true,"_links":{"self":[{"href":"https:\/\/nvnoticias.mx\/index.php\/wp-json\/wp\/v2\/posts\/207763","targetHints":{"allow":["GET"]}}],"collection":[{"href":"https:\/\/nvnoticias.mx\/index.php\/wp-json\/wp\/v2\/posts"}],"about":[{"href":"https:\/\/nvnoticias.mx\/index.php\/wp-json\/wp\/v2\/types\/post"}],"author":[{"embeddable":true,"href":"https:\/\/nvnoticias.mx\/index.php\/wp-json\/wp\/v2\/users\/35"}],"replies":[{"embeddable":true,"href":"https:\/\/nvnoticias.mx\/index.php\/wp-json\/wp\/v2\/comments?post=207763"}],"version-history":[{"count":2,"href":"https:\/\/nvnoticias.mx\/index.php\/wp-json\/wp\/v2\/posts\/207763\/revisions"}],"predecessor-version":[{"id":207766,"href":"https:\/\/nvnoticias.mx\/index.php\/wp-json\/wp\/v2\/posts\/207763\/revisions\/207766"}],"wp:featuredmedia":[{"embeddable":true,"href":"https:\/\/nvnoticias.mx\/index.php\/wp-json\/wp\/v2\/media\/196690"}],"wp:attachment":[{"href":"https:\/\/nvnoticias.mx\/index.php\/wp-json\/wp\/v2\/media?parent=207763"}],"wp:term":[{"taxonomy":"category","embeddable":true,"href":"https:\/\/nvnoticias.mx\/index.php\/wp-json\/wp\/v2\/categories?post=207763"},{"taxonomy":"post_tag","embeddable":true,"href":"https:\/\/nvnoticias.mx\/index.php\/wp-json\/wp\/v2\/tags?post=207763"}],"curies":[{"name":"wp","href":"https:\/\/api.w.org\/{rel}","templated":true}]}}