{"id":207714,"date":"2026-01-28T14:40:47","date_gmt":"2026-01-28T20:40:47","guid":{"rendered":"https:\/\/nvnoticias.mx\/?p=207714"},"modified":"2026-01-28T14:40:56","modified_gmt":"2026-01-28T20:40:56","slug":"gobierno-de-veracruz-limita-aumento-al-pasaje-urbano-unicamente-en-xalapa","status":"publish","type":"post","link":"https:\/\/nvnoticias.mx\/index.php\/2026\/01\/28\/gobierno-de-veracruz-limita-aumento-al-pasaje-urbano-unicamente-en-xalapa\/","title":{"rendered":"Gobierno de Veracruz limita aumento al pasaje urbano \u00fanicamente en Xalapa"},"content":{"rendered":"\n<p><\/p>\n\n\n\n<p><strong>Sam Ojeda \/ NV Noticias<\/strong><\/p>\n\n\n\n<p>Xalapa.- La gobernadora Roc\u00edo Nahle Garc\u00eda precis\u00f3 que el ajuste a la tarifa del transporte p\u00fablico fue autorizado exclusivamente para el servicio urbano de la capital del estado, por lo que advirti\u00f3 que cualquier incremento aplicado en otras modalidades o municipios ser\u00e1 motivo de sanci\u00f3n.<\/p>\n\n\n\n<p>Explic\u00f3 que la decisi\u00f3n se tom\u00f3 tras revisar la informaci\u00f3n financiera presentada por concesionarios xalape\u00f1os, quienes argumentaron un rezago de m\u00e1s de una d\u00e9cada sin actualizaci\u00f3n en el costo del pasaje, situaci\u00f3n que, seg\u00fan se expuso, afectaba la operaci\u00f3n de las unidades y el pago a conductores. Con base en ello, se aval\u00f3 el ajuste de 9 a 11 pesos en la tarifa general y de 6 a 7 pesos en la preferencial.<\/p>\n\n\n\n<p>La mandataria subray\u00f3 que esta medida no incluye al transporte colectivo tipo combi ni al servicio for\u00e1neo, y recalc\u00f3 que en la zona conurbada Veracruz\u2013Boca del R\u00edo ya se hab\u00eda autorizado previamente una tarifa distinta con la entrada del Servicio Ul\u00faa, por lo que no procede un nuevo aumento.<\/p>\n\n\n\n<p>Indic\u00f3 que instruy\u00f3 a la Direcci\u00f3n General de Tr\u00e1nsito y Seguridad Vial, a Transporte P\u00fablico y a la Secretar\u00eda de Gobierno a supervisar que no existan cobros por encima de lo permitido o modificaciones sin autorizaci\u00f3n oficial. Record\u00f3 que las concesiones son facultad del Estado y, en caso de irregularidades, se aplicar\u00e1n medidas.<\/p>\n\n\n\n<p>Tambi\u00e9n adelant\u00f3 que se revisar\u00e1 la situaci\u00f3n del transporte colectivo en Xalapa, ya que \u2014dijo\u2014 este sector no puede fijar precios por cuenta propia. A\u00f1adi\u00f3 que contin\u00faan los an\u00e1lisis t\u00e9cnicos y financieros relacionados con el proyecto de servicio Olmeca para la capital, el cual se encuentra en etapa de evaluaci\u00f3n.<\/p>\n","protected":false},"excerpt":{"rendered":"<p>Sam Ojeda \/ NV Noticias Xalapa.- La gobernadora Roc\u00edo Nahle Garc\u00eda precis\u00f3 que el ajuste a la tarifa del transporte p\u00fablico fue autorizado exclusivamente para el servicio urbano de la capital del estado, por lo que advirti\u00f3 que cualquier incremento aplicado en otras modalidades o municipios ser\u00e1 motivo de sanci\u00f3n. Explic\u00f3 que la decisi\u00f3n se [&hellip;]<\/p>\n","protected":false},"author":8,"featured_media":207639,"comment_status":"open","ping_status":"open","sticky":false,"template":"","format":"standard","meta":{"_monsterinsights_skip_tracking":false,"_monsterinsights_sitenote_active":false,"_monsterinsights_sitenote_note":"","_monsterinsights_sitenote_category":0,"footnotes":""},"categories":[156],"tags":[3109,15744,162,381,20725],"class_list":["post-207714","post","type-post","status-publish","format-standard","has-post-thumbnail","hentry","category-estado","tag-aumento","tag-pasaje","tag-portada","tag-transporte-publico","tag-veracruz-boca-del-rio","wp-image-borders"],"amp_enabled":true,"_links":{"self":[{"href":"https:\/\/nvnoticias.mx\/index.php\/wp-json\/wp\/v2\/posts\/207714","targetHints":{"allow":["GET"]}}],"collection":[{"href":"https:\/\/nvnoticias.mx\/index.php\/wp-json\/wp\/v2\/posts"}],"about":[{"href":"https:\/\/nvnoticias.mx\/index.php\/wp-json\/wp\/v2\/types\/post"}],"author":[{"embeddable":true,"href":"https:\/\/nvnoticias.mx\/index.php\/wp-json\/wp\/v2\/users\/8"}],"replies":[{"embeddable":true,"href":"https:\/\/nvnoticias.mx\/index.php\/wp-json\/wp\/v2\/comments?post=207714"}],"version-history":[{"count":1,"href":"https:\/\/nvnoticias.mx\/index.php\/wp-json\/wp\/v2\/posts\/207714\/revisions"}],"predecessor-version":[{"id":207716,"href":"https:\/\/nvnoticias.mx\/index.php\/wp-json\/wp\/v2\/posts\/207714\/revisions\/207716"}],"wp:featuredmedia":[{"embeddable":true,"href":"https:\/\/nvnoticias.mx\/index.php\/wp-json\/wp\/v2\/media\/207639"}],"wp:attachment":[{"href":"https:\/\/nvnoticias.mx\/index.php\/wp-json\/wp\/v2\/media?parent=207714"}],"wp:term":[{"taxonomy":"category","embeddable":true,"href":"https:\/\/nvnoticias.mx\/index.php\/wp-json\/wp\/v2\/categories?post=207714"},{"taxonomy":"post_tag","embeddable":true,"href":"https:\/\/nvnoticias.mx\/index.php\/wp-json\/wp\/v2\/tags?post=207714"}],"curies":[{"name":"wp","href":"https:\/\/api.w.org\/{rel}","templated":true}]}}