{"id":207525,"date":"2026-01-26T13:00:47","date_gmt":"2026-01-26T19:00:47","guid":{"rendered":"https:\/\/nvnoticias.mx\/?p=207525"},"modified":"2026-01-26T13:00:52","modified_gmt":"2026-01-26T19:00:52","slug":"gobierno-inicia-entrega-de-mochilas-a-estudiantes-afectados-por-inundaciones","status":"publish","type":"post","link":"https:\/\/nvnoticias.mx\/index.php\/2026\/01\/26\/gobierno-inicia-entrega-de-mochilas-a-estudiantes-afectados-por-inundaciones\/","title":{"rendered":"Gobierno inicia entrega de mochilas a estudiantes afectados por inundaciones"},"content":{"rendered":"\n<p><\/p>\n\n\n\n<p><strong>Sam Ojeda \/ NV Noticias<\/strong><\/p>\n\n\n\n<p>Xalapa.- Este lunes arrancar\u00e1 la distribuci\u00f3n de mochilas y \u00fatiles escolares para alumnos de secundaria que perdieron su material durante las inundaciones de octubre de 2025.<\/p>\n\n\n\n<p><br>As\u00ed lo inform\u00f3 la gobernadora de Veracruz, Roc\u00edo Nahle Garc\u00eda, quien realizar\u00e1 entregas en Poza Rica y \u00c1lamo.<\/p>\n\n\n\n<p>La mandataria explic\u00f3 que los apoyos comenzaron a producirse desde diciembre y que ya se cuenta con los primeros lotes.<\/p>\n\n\n\n<p>\u201cHoy iniciamos con la entrega del paquete de mochilas y \u00fatiles escolares para todos los j\u00f3venes de secundaria que perdieron sus \u00fatiles\u2026 los estudiantes perdieron sus \u00fatiles, sus mochilas\u201d.<\/p>\n\n\n\n<p>A\u00f1adi\u00f3 que no se esperar\u00e1 a completar todos los niveles para comenzar la distribuci\u00f3n.<\/p>\n\n\n\n<p>\u201cEsta semana estar\u00eda llegando las de preescolar y la siguiente semana las de primaria, pero ya no quise esperar m\u00e1s\u201d.<\/p>\n\n\n\n<p><\/p>\n","protected":false},"excerpt":{"rendered":"<p>Sam Ojeda \/ NV Noticias Xalapa.- Este lunes arrancar\u00e1 la distribuci\u00f3n de mochilas y \u00fatiles escolares para alumnos de secundaria que perdieron su material durante las inundaciones de octubre de 2025. As\u00ed lo inform\u00f3 la gobernadora de Veracruz, Roc\u00edo Nahle Garc\u00eda, quien realizar\u00e1 entregas en Poza Rica y \u00c1lamo. La mandataria explic\u00f3 que los apoyos [&hellip;]<\/p>\n","protected":false},"author":8,"featured_media":164492,"comment_status":"open","ping_status":"open","sticky":false,"template":"","format":"standard","meta":{"_monsterinsights_skip_tracking":false,"_monsterinsights_sitenote_active":false,"_monsterinsights_sitenote_note":"","_monsterinsights_sitenote_category":0,"footnotes":""},"categories":[156],"tags":[6439,277,1183,26879,2419],"class_list":["post-207525","post","type-post","status-publish","format-standard","has-post-thumbnail","hentry","category-estado","tag-entrega","tag-estudiantes","tag-inundaciones","tag-mochilas","tag-poza-rica","wp-image-borders"],"amp_enabled":true,"_links":{"self":[{"href":"https:\/\/nvnoticias.mx\/index.php\/wp-json\/wp\/v2\/posts\/207525","targetHints":{"allow":["GET"]}}],"collection":[{"href":"https:\/\/nvnoticias.mx\/index.php\/wp-json\/wp\/v2\/posts"}],"about":[{"href":"https:\/\/nvnoticias.mx\/index.php\/wp-json\/wp\/v2\/types\/post"}],"author":[{"embeddable":true,"href":"https:\/\/nvnoticias.mx\/index.php\/wp-json\/wp\/v2\/users\/8"}],"replies":[{"embeddable":true,"href":"https:\/\/nvnoticias.mx\/index.php\/wp-json\/wp\/v2\/comments?post=207525"}],"version-history":[{"count":1,"href":"https:\/\/nvnoticias.mx\/index.php\/wp-json\/wp\/v2\/posts\/207525\/revisions"}],"predecessor-version":[{"id":207526,"href":"https:\/\/nvnoticias.mx\/index.php\/wp-json\/wp\/v2\/posts\/207525\/revisions\/207526"}],"wp:featuredmedia":[{"embeddable":true,"href":"https:\/\/nvnoticias.mx\/index.php\/wp-json\/wp\/v2\/media\/164492"}],"wp:attachment":[{"href":"https:\/\/nvnoticias.mx\/index.php\/wp-json\/wp\/v2\/media?parent=207525"}],"wp:term":[{"taxonomy":"category","embeddable":true,"href":"https:\/\/nvnoticias.mx\/index.php\/wp-json\/wp\/v2\/categories?post=207525"},{"taxonomy":"post_tag","embeddable":true,"href":"https:\/\/nvnoticias.mx\/index.php\/wp-json\/wp\/v2\/tags?post=207525"}],"curies":[{"name":"wp","href":"https:\/\/api.w.org\/{rel}","templated":true}]}}