{"id":207424,"date":"2026-01-25T14:35:06","date_gmt":"2026-01-25T20:35:06","guid":{"rendered":"https:\/\/nvnoticias.mx\/?p=207424"},"modified":"2026-01-25T14:35:11","modified_gmt":"2026-01-25T20:35:11","slug":"plan-mexico-apuesta-por-inversiones-y-desarrollo-sostenible-barcena","status":"publish","type":"post","link":"https:\/\/nvnoticias.mx\/index.php\/2026\/01\/25\/plan-mexico-apuesta-por-inversiones-y-desarrollo-sostenible-barcena\/","title":{"rendered":"Plan M\u00e9xico apuesta por inversiones y desarrollo sostenible: B\u00e1rcena"},"content":{"rendered":"\n<p>La secretaria de Medio Ambiente y Recursos Naturales (Semarnat), Alicia B\u00e1rcena, concluy\u00f3 su participaci\u00f3n en el Foro Econ\u00f3mico Mundial, en Davos, Suiza, donde present\u00f3 el Plan M\u00e9xico, la pol\u00edtica ecol\u00f3gica y ambiental y los proyectos de econom\u00eda circular del pa\u00eds como instrumentos de desarrollo sostenible.<\/p>\n\n\n\n<p>Durante los cinco d\u00edas del encuentro, la funcionaria mexicana asegur\u00f3 que el Gobierno de M\u00e9xico busca con esta participaci\u00f3n fortalecer la atracci\u00f3n de inversiones al pa\u00eds, sustituir importaciones, generar empleos y fomentar el desarrollo sustentable.<\/p>\n\n\n\n<p>\u201cNos hemos dedicado a presentar en primer lugar el Plan M\u00e9xico, que para nosotros es muy importante que se conozca lo que M\u00e9xico est\u00e1 tratando de hacer para llevar adelante el desarrollo, y sobre todo, un desarrollo sustentable, con inclusi\u00f3n social y con crecimiento y prosperidad\u201d, destac\u00f3.<\/p>\n\n\n\n<p>En representaci\u00f3n de la presidenta Claudia Sheinbaum, la titular de la Semarnat se reuni\u00f3 con empresas dedicadas a la econom\u00eda circular, a quienes dio a conocer tambi\u00e9n los proyectos de los Polos de Desarrollo Econ\u00f3mico para el Bienestar (Podecobis) y los Polos de Desarrollo de Econom\u00eda Circular para el Bienestar (Podecibis).<\/p>\n\n\n\n<p>De esta forma, adelant\u00f3 que acudir\u00e1 a M\u00e9xico la primera delegaci\u00f3n de 100 directivos de empresas globales en marzo pr\u00f3ximo, con el objetivo de buscar m\u00faltiples oportunidades de inversi\u00f3n en proyectos verdes vinculados con la econom\u00eda circular.<\/p>\n\n\n\n<p>La delegaci\u00f3n encabezada tambi\u00e9n por la coordinadora del Consejo Asesor de Desarrollo Econ\u00f3mico Regional y Relocalizaci\u00f3n (Caderr), Altagracia G\u00f3mez Sierra, puntualiz\u00f3 que en M\u00e9xico \u201cse busca hacer un plan que coordine la pol\u00edtica industrial con la pol\u00edtica comercial, con los habilitadores naturales, para que el desarrollo promueva la inversi\u00f3n, genere crecimiento y pueda acompa\u00f1ar a lograr la Prosperidad Compartida\u201d.<\/p>\n\n\n\n<p>\u201cReconocemos que necesitamos crecer m\u00e1s, que queremos m\u00e1s inversi\u00f3n, tanto nacional como extranjera, y que queremos que esa inversi\u00f3n detone buenos empleos, pero tambi\u00e9n impactos positivos a nivel social y a nivel ambiental\u201d, se\u00f1al\u00f3.<\/p>\n\n\n\n<p>Fuente: La <a href=\"https:\/\/www.jornada.com.mx\/noticia\/2026\/01\/23\/politica\/alicia-barcena-presenta-en-davos-el-plan-mexico-y-proyectos-de-desarrollo-sustentable\">Jornada<\/a> <\/p>\n","protected":false},"excerpt":{"rendered":"<p>La secretaria de Medio Ambiente y Recursos Naturales (Semarnat), Alicia B\u00e1rcena, concluy\u00f3 su participaci\u00f3n en el Foro Econ\u00f3mico Mundial, en Davos, Suiza, donde present\u00f3 el Plan M\u00e9xico, la pol\u00edtica ecol\u00f3gica y ambiental y los proyectos de econom\u00eda circular del pa\u00eds como instrumentos de desarrollo sostenible. Durante los cinco d\u00edas del encuentro, la funcionaria mexicana asegur\u00f3 [&hellip;]<\/p>\n","protected":false},"author":35,"featured_media":124121,"comment_status":"open","ping_status":"open","sticky":false,"template":"","format":"standard","meta":{"_monsterinsights_skip_tracking":false,"_monsterinsights_sitenote_active":false,"_monsterinsights_sitenote_note":"","_monsterinsights_sitenote_category":0,"footnotes":""},"categories":[157],"tags":[12723,8079,162],"class_list":["post-207424","post","type-post","status-publish","format-standard","has-post-thumbnail","hentry","category-nacional","tag-alicia-barcena","tag-plan-mexico","tag-portada","wp-image-borders"],"amp_enabled":true,"_links":{"self":[{"href":"https:\/\/nvnoticias.mx\/index.php\/wp-json\/wp\/v2\/posts\/207424","targetHints":{"allow":["GET"]}}],"collection":[{"href":"https:\/\/nvnoticias.mx\/index.php\/wp-json\/wp\/v2\/posts"}],"about":[{"href":"https:\/\/nvnoticias.mx\/index.php\/wp-json\/wp\/v2\/types\/post"}],"author":[{"embeddable":true,"href":"https:\/\/nvnoticias.mx\/index.php\/wp-json\/wp\/v2\/users\/35"}],"replies":[{"embeddable":true,"href":"https:\/\/nvnoticias.mx\/index.php\/wp-json\/wp\/v2\/comments?post=207424"}],"version-history":[{"count":4,"href":"https:\/\/nvnoticias.mx\/index.php\/wp-json\/wp\/v2\/posts\/207424\/revisions"}],"predecessor-version":[{"id":207428,"href":"https:\/\/nvnoticias.mx\/index.php\/wp-json\/wp\/v2\/posts\/207424\/revisions\/207428"}],"wp:featuredmedia":[{"embeddable":true,"href":"https:\/\/nvnoticias.mx\/index.php\/wp-json\/wp\/v2\/media\/124121"}],"wp:attachment":[{"href":"https:\/\/nvnoticias.mx\/index.php\/wp-json\/wp\/v2\/media?parent=207424"}],"wp:term":[{"taxonomy":"category","embeddable":true,"href":"https:\/\/nvnoticias.mx\/index.php\/wp-json\/wp\/v2\/categories?post=207424"},{"taxonomy":"post_tag","embeddable":true,"href":"https:\/\/nvnoticias.mx\/index.php\/wp-json\/wp\/v2\/tags?post=207424"}],"curies":[{"name":"wp","href":"https:\/\/api.w.org\/{rel}","templated":true}]}}