{"id":207364,"date":"2026-01-25T11:50:59","date_gmt":"2026-01-25T17:50:59","guid":{"rendered":"https:\/\/nvnoticias.mx\/?p=207364"},"modified":"2026-01-25T11:51:04","modified_gmt":"2026-01-25T17:51:04","slug":"trump-amaga-con-arancel-de-100-a-canada-por-su-acuerdo-con-china","status":"publish","type":"post","link":"https:\/\/nvnoticias.mx\/index.php\/2026\/01\/25\/trump-amaga-con-arancel-de-100-a-canada-por-su-acuerdo-con-china\/","title":{"rendered":"Trump amaga con arancel de 100% a Canad\u00e1 por su acuerdo con China"},"content":{"rendered":"\n<p>El presidente de Estados Unidos, Donald Trump, amenaz\u00f3 con imponer aranceles de 100 por ciento a los bienes importados desde Canad\u00e1, si este pa\u00eds concreta un acuerdo comercial con China, luego de un pacto preliminar anunciado la semana pasada entre Ottawa y Pek\u00edn.<\/p>\n\n\n\n<p>El republicano afirm\u00f3 en una publicaci\u00f3n en su red social Truth Social que si Carney \u201cpiensa que va a convertir a Canad\u00e1 en un \u2018puerto de descarga\u2019 para que China env\u00ede bienes y productos a Estados Unidos, est\u00e1 muy equivocado\u201d.<\/p>\n\n\n\n<p>Durante una visita a Pek\u00edn la semana pasada, Carney celebr\u00f3 una \u201cnueva asociaci\u00f3n estrat\u00e9gica\u201d con China, que dio como resultado un acuerdo comercial preliminar para reducir aranceles mutuamente.<\/p>\n\n\n\n<p>\u201cSi Canad\u00e1 hace un acuerdo con China, ser\u00e1 inmediatamente objeto de un arancel de 100 por ciento sobre todos los bienes y productos canadienses que entren en Estados Unidos\u201d, advirti\u00f3 Trump.<\/p>\n\n\n\n<p>En respuesta, Carney hizo un llamado a \u201ccomprar productos canadienses\u201d y \u201cconstruir productos canadienses\u201d. Public\u00f3 un video en su cuenta personal de redes sociales, en el que indic\u00f3: \u201cCon nuestra econom\u00eda bajo amenaza desde el exterior, los canadienses han hecho una elecci\u00f3n: enfocarnos en lo que podemos controlar\u201d, dijo Carney.<\/p>\n\n\n\n<p>Aunque no mencion\u00f3 a Estados Unidos directamente, expres\u00f3: \u201cNo podemos controlar lo que hacen otras naciones. Podemos ser nuestros mejores clientes. Compraremos productos canadienses. Construyamos productos canadienses\u201d.<\/p>\n\n\n\n<p>Las relaciones entre los dos pa\u00edses han sido turbulentas desde que Trump regres\u00f3 a la Casa Blanca hace un a\u00f1o, marcadas por disputas comerciales y la declarada intenci\u00f3n del mandatario de anexionar a Canad\u00e1 como \u201cel estado 51\u201d.<\/p>\n\n\n\n<p>Adem\u00e1s de vecino, Canad\u00e1 es el segundo mayor socio comercial de Estados Unidos, detr\u00e1s de M\u00e9xico. Hasta ahora sus exportaciones han estado protegidas de un mayor impacto de los aranceles de Trump por el Acuerdo Canad\u00e1-Estados Unidos-M\u00e9xico (T-MEC), el cual debe ser revisado este a\u00f1o y que Trump ha dicho que no le interesa renovar.<\/p>\n\n\n\n<p>En su mensaje del s\u00e1bado, Trump continu\u00f3 sus provocaciones llamando al l\u00edder de Canad\u00e1 \u201cgobernador Carney\u201d. El magnate us\u00f3 el mismo mote para el predecesor de Carney, Justin Trudeau.<\/p>\n\n\n\n<p>Carney ha emergido como l\u00edder de un movimiento para que los pa\u00edses encuentren formas de unirse y contrarrestar a Estados Unidos bajo Trump. En el Foro Econ\u00f3mico Mundial de Davos la semana pasada, Carney indic\u00f3: \u201cLas potencias medias deben actuar juntas porque si no est\u00e1s en la mesa, est\u00e1s en el men\u00fa\u201d y advirti\u00f3 sobre la coerci\u00f3n por parte de grandes potencias, sin mencionar nombres. El primer ministro recibi\u00f3 elogios y atenci\u00f3n generalizados por sus comentarios, eclipsando a Trump.<\/p>\n\n\n\n<p>Fuente: La <a href=\"https:\/\/www.jornada.com.mx\/noticia\/2026\/01\/25\/economia\/trump-amaga-con-arancel-de-100-a-canada-por-su-acuerdo-con-china\">Jornada<\/a> <\/p>\n","protected":false},"excerpt":{"rendered":"<p>El presidente de Estados Unidos, Donald Trump, amenaz\u00f3 con imponer aranceles de 100 por ciento a los bienes importados desde Canad\u00e1, si este pa\u00eds concreta un acuerdo comercial con China, luego de un pacto preliminar anunciado la semana pasada entre Ottawa y Pek\u00edn. El republicano afirm\u00f3 en una publicaci\u00f3n en su red social Truth Social [&hellip;]<\/p>\n","protected":false},"author":35,"featured_media":207367,"comment_status":"open","ping_status":"open","sticky":false,"template":"","format":"standard","meta":{"_monsterinsights_skip_tracking":false,"_monsterinsights_sitenote_active":false,"_monsterinsights_sitenote_note":"","_monsterinsights_sitenote_category":0,"footnotes":""},"categories":[181],"tags":[887,185,230,183],"class_list":["post-207364","post","type-post","status-publish","format-standard","has-post-thumbnail","hentry","category-internacional","tag-canada-2","tag-china","tag-donald-trump","tag-estados-unidos","wp-image-borders"],"amp_enabled":true,"_links":{"self":[{"href":"https:\/\/nvnoticias.mx\/index.php\/wp-json\/wp\/v2\/posts\/207364","targetHints":{"allow":["GET"]}}],"collection":[{"href":"https:\/\/nvnoticias.mx\/index.php\/wp-json\/wp\/v2\/posts"}],"about":[{"href":"https:\/\/nvnoticias.mx\/index.php\/wp-json\/wp\/v2\/types\/post"}],"author":[{"embeddable":true,"href":"https:\/\/nvnoticias.mx\/index.php\/wp-json\/wp\/v2\/users\/35"}],"replies":[{"embeddable":true,"href":"https:\/\/nvnoticias.mx\/index.php\/wp-json\/wp\/v2\/comments?post=207364"}],"version-history":[{"count":3,"href":"https:\/\/nvnoticias.mx\/index.php\/wp-json\/wp\/v2\/posts\/207364\/revisions"}],"predecessor-version":[{"id":207368,"href":"https:\/\/nvnoticias.mx\/index.php\/wp-json\/wp\/v2\/posts\/207364\/revisions\/207368"}],"wp:featuredmedia":[{"embeddable":true,"href":"https:\/\/nvnoticias.mx\/index.php\/wp-json\/wp\/v2\/media\/207367"}],"wp:attachment":[{"href":"https:\/\/nvnoticias.mx\/index.php\/wp-json\/wp\/v2\/media?parent=207364"}],"wp:term":[{"taxonomy":"category","embeddable":true,"href":"https:\/\/nvnoticias.mx\/index.php\/wp-json\/wp\/v2\/categories?post=207364"},{"taxonomy":"post_tag","embeddable":true,"href":"https:\/\/nvnoticias.mx\/index.php\/wp-json\/wp\/v2\/tags?post=207364"}],"curies":[{"name":"wp","href":"https:\/\/api.w.org\/{rel}","templated":true}]}}