{"id":20733,"date":"2021-08-10T12:12:15","date_gmt":"2021-08-10T17:12:15","guid":{"rendered":"https:\/\/nvnoticias.mx\/?p=20733"},"modified":"2021-08-10T12:12:16","modified_gmt":"2021-08-10T17:12:16","slug":"cierres-viales-afectan-ventas-del-mercado-malibran","status":"publish","type":"post","link":"https:\/\/nvnoticias.mx\/index.php\/2021\/08\/10\/cierres-viales-afectan-ventas-del-mercado-malibran\/","title":{"rendered":"Cierres viales afectan ventas del Mercado Malibr\u00e1n"},"content":{"rendered":"\n<p><strong>Jes\u00fas Utrilla<\/strong>&nbsp;<strong>| NV Noticias<\/strong>&nbsp;<\/p>\n\n\n\n<p>Veracruz. &#8211;&nbsp;Los cierres viales del centro de la ciudad de Veracruz perjudicaron hasta las ventas del Mercado Malibr\u00e1n, se\u00f1al\u00f3 Antonio Castro Ortiz, presidente de la Uni\u00f3n de Comerciantes.&nbsp;<\/p>\n\n\n\n<p>Explic\u00f3 que el Malibr\u00e1n es un centro de distribuci\u00f3n, al que llegan a surtirse comerciantes de&nbsp;los otros siete mercados&nbsp;de la ciudad porte\u00f1a y al no tener ventas al menudeo no compran lo mismo al mayoreo.&nbsp;<\/p>\n\n\n\n<blockquote class=\"wp-block-quote is-layout-flow wp-block-quote-is-layout-flow\"><p>\u201cEl hecho de que cierren el centro nos afecta porque nos compran menos, por\u00a0ejemplo,\u00a0el que tiene cebollas y vend\u00eda 60 bultos ahora nada m\u00e1s va a vender 30 porque no est\u00e1n trabajando al cien por ciento ellos, pero lo dem\u00e1s sigue funcionando\u201d.\u00a0<\/p><\/blockquote>\n\n\n\n<p>Por otro&nbsp;lado,&nbsp;descart\u00f3 un posible desabasto de alimentos a ra\u00edz de la pandemia de coronavirus.&nbsp;<\/p>\n\n\n\n<p>Sin embargo, las ventas cayeron hasta 60 por ciento en los \u00faltimos meses.&nbsp;<\/p>\n\n\n\n<blockquote class=\"wp-block-quote is-layout-flow wp-block-quote-is-layout-flow\"><p>\u201cBajaron nuestras\u00a0ventas,\u00a0pero como son art\u00edculos de primera necesidad, porque es la comida, no hemos cerrado ni un d\u00eda, no ha habido desabasto de nada, todo ha seguido funcionando\u00a0normalmente,\u00a0pero con menos ventas\u201d.\u00a0<\/p><\/blockquote>\n\n\n\n<p>Aunque no hay desabasto los alimentos subieron hasta 20 por ciento, aunque algunos incrementaron hasta 100 por ciento como el lim\u00f3n.&nbsp;<\/p>\n","protected":false},"excerpt":{"rendered":"<p>Jes\u00fas Utrilla&nbsp;| NV Noticias&nbsp; Veracruz. &#8211;&nbsp;Los cierres viales del centro de la ciudad de Veracruz perjudicaron hasta las ventas del Mercado Malibr\u00e1n, se\u00f1al\u00f3 Antonio Castro Ortiz, presidente de la Uni\u00f3n de Comerciantes.&nbsp; Explic\u00f3 que el Malibr\u00e1n es un centro de distribuci\u00f3n, al que llegan a surtirse comerciantes de&nbsp;los otros siete mercados&nbsp;de la ciudad porte\u00f1a y [&hellip;]<\/p>\n","protected":false},"author":6,"featured_media":4838,"comment_status":"open","ping_status":"open","sticky":false,"template":"","format":"standard","meta":{"_monsterinsights_skip_tracking":false,"_monsterinsights_sitenote_active":false,"_monsterinsights_sitenote_note":"","_monsterinsights_sitenote_category":0,"footnotes":""},"categories":[154],"tags":[5500,5507,199],"class_list":["post-20733","post","type-post","status-publish","format-standard","has-post-thumbnail","hentry","category-veracruz","tag-cierres-viales","tag-mercado-malibran","tag-ventas","wp-image-borders"],"amp_enabled":true,"_links":{"self":[{"href":"https:\/\/nvnoticias.mx\/index.php\/wp-json\/wp\/v2\/posts\/20733","targetHints":{"allow":["GET"]}}],"collection":[{"href":"https:\/\/nvnoticias.mx\/index.php\/wp-json\/wp\/v2\/posts"}],"about":[{"href":"https:\/\/nvnoticias.mx\/index.php\/wp-json\/wp\/v2\/types\/post"}],"author":[{"embeddable":true,"href":"https:\/\/nvnoticias.mx\/index.php\/wp-json\/wp\/v2\/users\/6"}],"replies":[{"embeddable":true,"href":"https:\/\/nvnoticias.mx\/index.php\/wp-json\/wp\/v2\/comments?post=20733"}],"version-history":[{"count":1,"href":"https:\/\/nvnoticias.mx\/index.php\/wp-json\/wp\/v2\/posts\/20733\/revisions"}],"predecessor-version":[{"id":20735,"href":"https:\/\/nvnoticias.mx\/index.php\/wp-json\/wp\/v2\/posts\/20733\/revisions\/20735"}],"wp:featuredmedia":[{"embeddable":true,"href":"https:\/\/nvnoticias.mx\/index.php\/wp-json\/wp\/v2\/media\/4838"}],"wp:attachment":[{"href":"https:\/\/nvnoticias.mx\/index.php\/wp-json\/wp\/v2\/media?parent=20733"}],"wp:term":[{"taxonomy":"category","embeddable":true,"href":"https:\/\/nvnoticias.mx\/index.php\/wp-json\/wp\/v2\/categories?post=20733"},{"taxonomy":"post_tag","embeddable":true,"href":"https:\/\/nvnoticias.mx\/index.php\/wp-json\/wp\/v2\/tags?post=20733"}],"curies":[{"name":"wp","href":"https:\/\/api.w.org\/{rel}","templated":true}]}}