{"id":207323,"date":"2026-01-24T13:49:20","date_gmt":"2026-01-24T19:49:20","guid":{"rendered":"https:\/\/nvnoticias.mx\/?p=207323"},"modified":"2026-01-24T13:49:25","modified_gmt":"2026-01-24T19:49:25","slug":"avanzan-los-preparativos-para-la-participacion-de-la-mojiganga-de-saltabarranca-en-el-carnaval-de-veracruz-2026","status":"publish","type":"post","link":"https:\/\/nvnoticias.mx\/index.php\/2026\/01\/24\/avanzan-los-preparativos-para-la-participacion-de-la-mojiganga-de-saltabarranca-en-el-carnaval-de-veracruz-2026\/","title":{"rendered":"Avanzan los preparativos para la participaci\u00f3n de la Mojiganga de Saltabarranca en el Carnaval de Veracruz 2026"},"content":{"rendered":"\n<p><\/p>\n\n\n\n<p><strong>Jes\u00fas Utrilla \/ NV Noticias <\/strong><\/p>\n\n\n\n<p>El Ayuntamiento de Saltabarranca avanza en los preparativos para que su celebraci\u00f3n m\u00e1s representativa, la tradicional Mojiganga, participe por primera vez en el Carnaval de Veracruz 2026, consolidando as\u00ed un importante paso en la proyecci\u00f3n cultural del municipio a nivel estatal y nacional.<\/p>\n\n\n\n<p>La Mojiganga de Saltabarranca es una festividad con m\u00e1s de 200 a\u00f1os de historia ininterrumpida, que se celebra cada 14 de mayo y que naci\u00f3 como una manifestaci\u00f3n de car\u00e1cter religioso. En sus or\u00edgenes, los pobladores recorr\u00edan las calles portando antorchas \u2014ante la ausencia de energ\u00eda el\u00e9ctrica\u2014 y figuras elaboradas con ca\u00f1a de otate, representando elementos propios de la regi\u00f3n como peces, pulpos, aves, embarcaciones y leyendas tradicionales.<\/p>\n\n\n\n<p>Fue en 1986 cuando esta tradici\u00f3n dio un giro trascendental con la creaci\u00f3n de figuras estilizadas monumentales, integradas a un concurso que impuls\u00f3 la creatividad y el desarrollo art\u00edstico local. Desde entonces, las mojigangas evolucionaron hasta convertirse en figuras gigantes con movimientos mec\u00e1nicos, elaboradas con diversos materiales, pero conservando como base estructural la ca\u00f1a de otate, s\u00edmbolo del trabajo artesanal del municipio.<\/p>\n\n\n\n<p>El reconocimiento internacional de esta festividad lleg\u00f3 en 2006, cuando la productora Omega de Argentina realiz\u00f3 el programa especial M\u00e1s que una Fiesta, difundido durante un amplio periodo por el canal Travel &amp; Living de Discovery Channel, lo que permiti\u00f3 proyectar la Mojiganga de Saltabarranca m\u00e1s all\u00e1 de las fronteras del pa\u00eds.<\/p>\n\n\n\n<p>A 40 a\u00f1os del inicio de las figuras estilizadas, el municipio recibi\u00f3 la invitaci\u00f3n directa de la alcaldesa de la ciudad de Veracruz, Rosa Mar\u00eda Hern\u00e1ndez Espejo, para que la Mojiganga participe por primera vez en el Carnaval de Veracruz, uno de los eventos culturales y festivos m\u00e1s importantes de M\u00e9xico.<\/p>\n\n\n\n<p>El Gobierno Municipal de Saltabarranca, encabezado por el alcalde Elvis Laureani Rom\u00e1n, mantiene una coordinaci\u00f3n permanente con el Ayuntamiento de Veracruz para garantizar una participaci\u00f3n digna, organizada y representativa, brindando todo el respaldo log\u00edstico, cultural y operativo necesario para que esta tradici\u00f3n brille en el Carnaval 2026.<\/p>\n\n\n\n<p>Al respecto, Joel Hueto, director de Educaci\u00f3n y Cultura del Ayuntamiento de Saltabarranca, destac\u00f3 que esta participaci\u00f3n representa una oportunidad hist\u00f3rica para preservar, difundir y fortalecer una de las expresiones culturales m\u00e1s emblem\u00e1ticas del municipio, reafirmando el compromiso institucional con la identidad, el arte y las tradiciones que dan orgullo a su gente.<\/p>\n\n\n\n<p>Con esta acci\u00f3n, Saltabarranca refrenda su vocaci\u00f3n cultural y su compromiso de llevar sus ra\u00edces y su historia a los grandes escenarios, demostrando que la Mojiganga es arte, cultura y tradici\u00f3n, acompa\u00f1ada de alegr\u00eda y convivencia familiar.<\/p>\n","protected":false},"excerpt":{"rendered":"<p>Jes\u00fas Utrilla \/ NV Noticias El Ayuntamiento de Saltabarranca avanza en los preparativos para que su celebraci\u00f3n m\u00e1s representativa, la tradicional Mojiganga, participe por primera vez en el Carnaval de Veracruz 2026, consolidando as\u00ed un importante paso en la proyecci\u00f3n cultural del municipio a nivel estatal y nacional. La Mojiganga de Saltabarranca es una festividad [&hellip;]<\/p>\n","protected":false},"author":8,"featured_media":207324,"comment_status":"open","ping_status":"open","sticky":false,"template":"","format":"standard","meta":{"_monsterinsights_skip_tracking":false,"_monsterinsights_sitenote_active":false,"_monsterinsights_sitenote_note":"","_monsterinsights_sitenote_category":0,"footnotes":""},"categories":[154],"tags":[32428,32960,6523],"class_list":["post-207323","post","type-post","status-publish","format-standard","has-post-thumbnail","hentry","category-veracruz","tag-carnaval-de-veracruz-2026","tag-mojiganga","tag-saltabarranca","wp-image-borders"],"amp_enabled":true,"_links":{"self":[{"href":"https:\/\/nvnoticias.mx\/index.php\/wp-json\/wp\/v2\/posts\/207323","targetHints":{"allow":["GET"]}}],"collection":[{"href":"https:\/\/nvnoticias.mx\/index.php\/wp-json\/wp\/v2\/posts"}],"about":[{"href":"https:\/\/nvnoticias.mx\/index.php\/wp-json\/wp\/v2\/types\/post"}],"author":[{"embeddable":true,"href":"https:\/\/nvnoticias.mx\/index.php\/wp-json\/wp\/v2\/users\/8"}],"replies":[{"embeddable":true,"href":"https:\/\/nvnoticias.mx\/index.php\/wp-json\/wp\/v2\/comments?post=207323"}],"version-history":[{"count":1,"href":"https:\/\/nvnoticias.mx\/index.php\/wp-json\/wp\/v2\/posts\/207323\/revisions"}],"predecessor-version":[{"id":207325,"href":"https:\/\/nvnoticias.mx\/index.php\/wp-json\/wp\/v2\/posts\/207323\/revisions\/207325"}],"wp:featuredmedia":[{"embeddable":true,"href":"https:\/\/nvnoticias.mx\/index.php\/wp-json\/wp\/v2\/media\/207324"}],"wp:attachment":[{"href":"https:\/\/nvnoticias.mx\/index.php\/wp-json\/wp\/v2\/media?parent=207323"}],"wp:term":[{"taxonomy":"category","embeddable":true,"href":"https:\/\/nvnoticias.mx\/index.php\/wp-json\/wp\/v2\/categories?post=207323"},{"taxonomy":"post_tag","embeddable":true,"href":"https:\/\/nvnoticias.mx\/index.php\/wp-json\/wp\/v2\/tags?post=207323"}],"curies":[{"name":"wp","href":"https:\/\/api.w.org\/{rel}","templated":true}]}}