{"id":207319,"date":"2026-01-24T13:44:12","date_gmt":"2026-01-24T19:44:12","guid":{"rendered":"https:\/\/nvnoticias.mx\/?p=207319"},"modified":"2026-01-24T13:44:16","modified_gmt":"2026-01-24T19:44:16","slug":"insuficiente-para-el-bienestar-social-el-crecimiento-proyectado-para-2026-en-mexico","status":"publish","type":"post","link":"https:\/\/nvnoticias.mx\/index.php\/2026\/01\/24\/insuficiente-para-el-bienestar-social-el-crecimiento-proyectado-para-2026-en-mexico\/","title":{"rendered":"Insuficiente para el bienestar social, el crecimiento proyectado para 2026 en M\u00e9xico"},"content":{"rendered":"\n<p><br><strong>Jes\u00fas Utrilla \/ NV Noticias <\/strong><\/p>\n\n\n\n<p><br>El inicio de 2026 es un periodo retador para la econom\u00eda mexicana, marcado por un bajo crecimiento, se\u00f1ales de estancamiento y una disminuci\u00f3n en la inversi\u00f3n, se\u00f1al\u00f3 Juan Jos\u00e9 Sierra \u00c1lvarez, presidente nacional de la Confederaci\u00f3n Patronal de la Rep\u00fablica Mexicana (Coparmex).<\/p>\n\n\n\n<p><br>Dijo que se suman el incremento al salario m\u00ednimo y la necesidad de fortalecer condiciones internas para aprovechar las oportunidades de relocalizaci\u00f3n de empresas.<\/p>\n\n\n\n<p><br>En este escenario,se\u00f1al\u00f3 que el pa\u00eds enfrenta un arranque de a\u00f1o condicionado por los resultados de 2025, que cerr\u00f3 con un crecimiento pr\u00e1cticamente nulo, lo que obliga a replantear prioridades y atender temas estructurales que siguen pendientes.<\/p>\n\n\n\n<p><br>\u201cDesde Coparmex lo hemos dicho, el 2026 va a estar marcado por tres temas fundamentales, el crecimiento, el empleo formal y la certidumbre. Venimos de un 2025 con un crecimiento de apenas 0.3 o 0.4 por ciento, pr\u00e1cticamente un estancamiento, y como consecuencia de ese estancamiento vemos el reflejo en el empleo formal, en la baja inversi\u00f3n y en un crecimiento escaso\u201d.<\/p>\n\n\n\n<p><br>Aunque reconoci\u00f3 que existen oportunidades importantes para el pa\u00eds, particularmente por la relocalizaci\u00f3n de cadenas de suministro y la cercan\u00eda con Estados Unidos, advirti\u00f3 que los pron\u00f3sticos de crecimiento para este a\u00f1o ,estimados entre 1.2 y 1.4 por ciento, resultan insuficientes para hablar de un verdadero progreso social.<\/p>\n\n\n\n<p><br>\u201cHay una gran ventana de oportunidad con la relocalizaci\u00f3n y el nearshoring, pero este crecimiento que se pronostica para 2026 es insuficiente. Para hablar de desarrollo social necesitamos trabajar en temas como la seguridad, la certeza jur\u00eddica y tambi\u00e9n en un tema muy importante que es la energ\u00eda, si no atendemos estos puntos, ser\u00e1 muy dif\u00edcil detonar inversi\u00f3n y empleo\u201d.<\/p>\n\n\n\n<p><br>Sierra \u00c1lvarez dijo que el reto para el pa\u00eds no solo es crecer, sino hacerlo con bases s\u00f3lidas, reglas claras y un entorno de confianza que permita convertir las oportunidades externas en beneficios reales para la econom\u00eda y los trabajadores mexicanos.<\/p>\n","protected":false},"excerpt":{"rendered":"<p>Jes\u00fas Utrilla \/ NV Noticias El inicio de 2026 es un periodo retador para la econom\u00eda mexicana, marcado por un bajo crecimiento, se\u00f1ales de estancamiento y una disminuci\u00f3n en la inversi\u00f3n, se\u00f1al\u00f3 Juan Jos\u00e9 Sierra \u00c1lvarez, presidente nacional de la Confederaci\u00f3n Patronal de la Rep\u00fablica Mexicana (Coparmex). Dijo que se suman el incremento al salario [&hellip;]<\/p>\n","protected":false},"author":8,"featured_media":85490,"comment_status":"open","ping_status":"open","sticky":false,"template":"","format":"standard","meta":{"_monsterinsights_skip_tracking":false,"_monsterinsights_sitenote_active":false,"_monsterinsights_sitenote_note":"","_monsterinsights_sitenote_category":0,"footnotes":""},"categories":[154],"tags":[18695,384],"class_list":["post-207319","post","type-post","status-publish","format-standard","has-post-thumbnail","hentry","category-veracruz","tag-18695","tag-economia","wp-image-borders"],"amp_enabled":true,"_links":{"self":[{"href":"https:\/\/nvnoticias.mx\/index.php\/wp-json\/wp\/v2\/posts\/207319","targetHints":{"allow":["GET"]}}],"collection":[{"href":"https:\/\/nvnoticias.mx\/index.php\/wp-json\/wp\/v2\/posts"}],"about":[{"href":"https:\/\/nvnoticias.mx\/index.php\/wp-json\/wp\/v2\/types\/post"}],"author":[{"embeddable":true,"href":"https:\/\/nvnoticias.mx\/index.php\/wp-json\/wp\/v2\/users\/8"}],"replies":[{"embeddable":true,"href":"https:\/\/nvnoticias.mx\/index.php\/wp-json\/wp\/v2\/comments?post=207319"}],"version-history":[{"count":1,"href":"https:\/\/nvnoticias.mx\/index.php\/wp-json\/wp\/v2\/posts\/207319\/revisions"}],"predecessor-version":[{"id":207320,"href":"https:\/\/nvnoticias.mx\/index.php\/wp-json\/wp\/v2\/posts\/207319\/revisions\/207320"}],"wp:featuredmedia":[{"embeddable":true,"href":"https:\/\/nvnoticias.mx\/index.php\/wp-json\/wp\/v2\/media\/85490"}],"wp:attachment":[{"href":"https:\/\/nvnoticias.mx\/index.php\/wp-json\/wp\/v2\/media?parent=207319"}],"wp:term":[{"taxonomy":"category","embeddable":true,"href":"https:\/\/nvnoticias.mx\/index.php\/wp-json\/wp\/v2\/categories?post=207319"},{"taxonomy":"post_tag","embeddable":true,"href":"https:\/\/nvnoticias.mx\/index.php\/wp-json\/wp\/v2\/tags?post=207319"}],"curies":[{"name":"wp","href":"https:\/\/api.w.org\/{rel}","templated":true}]}}