{"id":207316,"date":"2026-01-24T13:40:05","date_gmt":"2026-01-24T19:40:05","guid":{"rendered":"https:\/\/nvnoticias.mx\/?p=207316"},"modified":"2026-01-24T13:40:10","modified_gmt":"2026-01-24T19:40:10","slug":"retiran-basura-y-escombro-en-calle-obrero-mundial-tras-denuncia-vecinal","status":"publish","type":"post","link":"https:\/\/nvnoticias.mx\/index.php\/2026\/01\/24\/retiran-basura-y-escombro-en-calle-obrero-mundial-tras-denuncia-vecinal\/","title":{"rendered":"Retiran basura y escombro en calle Obrero Mundial tras denuncia vecinal"},"content":{"rendered":"\n<p><\/p>\n\n\n\n<p><strong>Sam Ojeda \/ NV Noticias<\/strong><\/p>\n\n\n\n<p>Xalapa.- Brigadas de Limpia P\u00fablica del Ayuntamiento realizaron trabajos de saneamiento en la calle Obrero Mundial, en la colonia Obrero Campesina, luego de una queja ciudadana por la acumulaci\u00f3n de basura y escombro en la zona.<\/p>\n\n\n\n<p>La intervenci\u00f3n se llev\u00f3 a cabo la tarde del viernes, despu\u00e9s de que vecinos se\u00f1alaran que, tras una denuncia previa, la \u00fanica acci\u00f3n visible hab\u00eda sido la colocaci\u00f3n de un letrero con la advertencia de no tirar basura.&nbsp;<\/p>\n\n\n\n<p>En esta ocasi\u00f3n, el personal municipal retir\u00f3 los desechos s\u00f3lidos y el material de construcci\u00f3n acumulado, lo que permiti\u00f3 liberar la vialidad y mejorar el entorno.<\/p>\n\n\n\n<p>El punto afectado se ubica a un costado del Vivero Municipal y de la cancha de la escuela primaria \u201cAdolfo L\u00f3pez Mateos\u201d.&nbsp;<\/p>\n\n\n\n<p>De acuerdo con habitantes del sector, el problema se arrastraba desde el a\u00f1o pasado y se agrav\u00f3 por la mezcla de residuos dom\u00e9sticos con escombro derivado de trabajos de alba\u00f1iler\u00eda en el plantel.<\/p>\n\n\n\n<p>Vecinos expresaron su expectativa de que se mantenga la atenci\u00f3n en el lugar y se adopten medidas para evitar que vuelva a convertirse en un tiradero clandestino.<\/p>\n\n\n\n<p><\/p>\n","protected":false},"excerpt":{"rendered":"<p>Sam Ojeda \/ NV Noticias Xalapa.- Brigadas de Limpia P\u00fablica del Ayuntamiento realizaron trabajos de saneamiento en la calle Obrero Mundial, en la colonia Obrero Campesina, luego de una queja ciudadana por la acumulaci\u00f3n de basura y escombro en la zona. La intervenci\u00f3n se llev\u00f3 a cabo la tarde del viernes, despu\u00e9s de que vecinos [&hellip;]<\/p>\n","protected":false},"author":8,"featured_media":207317,"comment_status":"open","ping_status":"open","sticky":false,"template":"","format":"standard","meta":{"_monsterinsights_skip_tracking":false,"_monsterinsights_sitenote_active":false,"_monsterinsights_sitenote_note":"","_monsterinsights_sitenote_category":0,"footnotes":""},"categories":[156],"tags":[1560,32959,5593],"class_list":["post-207316","post","type-post","status-publish","format-standard","has-post-thumbnail","hentry","category-estado","tag-basura","tag-escombro","tag-retiro","wp-image-borders"],"amp_enabled":true,"_links":{"self":[{"href":"https:\/\/nvnoticias.mx\/index.php\/wp-json\/wp\/v2\/posts\/207316","targetHints":{"allow":["GET"]}}],"collection":[{"href":"https:\/\/nvnoticias.mx\/index.php\/wp-json\/wp\/v2\/posts"}],"about":[{"href":"https:\/\/nvnoticias.mx\/index.php\/wp-json\/wp\/v2\/types\/post"}],"author":[{"embeddable":true,"href":"https:\/\/nvnoticias.mx\/index.php\/wp-json\/wp\/v2\/users\/8"}],"replies":[{"embeddable":true,"href":"https:\/\/nvnoticias.mx\/index.php\/wp-json\/wp\/v2\/comments?post=207316"}],"version-history":[{"count":1,"href":"https:\/\/nvnoticias.mx\/index.php\/wp-json\/wp\/v2\/posts\/207316\/revisions"}],"predecessor-version":[{"id":207318,"href":"https:\/\/nvnoticias.mx\/index.php\/wp-json\/wp\/v2\/posts\/207316\/revisions\/207318"}],"wp:featuredmedia":[{"embeddable":true,"href":"https:\/\/nvnoticias.mx\/index.php\/wp-json\/wp\/v2\/media\/207317"}],"wp:attachment":[{"href":"https:\/\/nvnoticias.mx\/index.php\/wp-json\/wp\/v2\/media?parent=207316"}],"wp:term":[{"taxonomy":"category","embeddable":true,"href":"https:\/\/nvnoticias.mx\/index.php\/wp-json\/wp\/v2\/categories?post=207316"},{"taxonomy":"post_tag","embeddable":true,"href":"https:\/\/nvnoticias.mx\/index.php\/wp-json\/wp\/v2\/tags?post=207316"}],"curies":[{"name":"wp","href":"https:\/\/api.w.org\/{rel}","templated":true}]}}