{"id":207313,"date":"2026-01-24T13:35:27","date_gmt":"2026-01-24T19:35:27","guid":{"rendered":"https:\/\/nvnoticias.mx\/?p=207313"},"modified":"2026-01-24T13:35:32","modified_gmt":"2026-01-24T19:35:32","slug":"traslado-de-produccion-de-autos-golf-a-puebla-beneficiara-a-veracruz","status":"publish","type":"post","link":"https:\/\/nvnoticias.mx\/index.php\/2026\/01\/24\/traslado-de-produccion-de-autos-golf-a-puebla-beneficiara-a-veracruz\/","title":{"rendered":"Traslado de producci\u00f3n de autos Golf a Puebla beneficiar\u00e1 a Veracruz"},"content":{"rendered":"\n<p><br><strong>Jes\u00fas Utrilla \/ NV Noticias<\/strong> <\/p>\n\n\n\n<p><br>El anuncio sobre el traslado, de la producci\u00f3n de los modelos Golf y Golf Estate desde la planta de Puebla hacia Alemania tambi\u00e9n tendr\u00e1 un impacto positivo para el puerto de Veracruz, al consolidarlo como un punto estrat\u00e9gico en la log\u00edstica y exportaci\u00f3n automotriz, debido al incremento en el movimiento de unidades, autopartes y operaciones de comercio exterior derivadas de los nuevos ajustes productivos de Volkswagen a nivel global, se\u00f1al\u00f3 el presidente de la Asociaci\u00f3n de Industriales del Estado de Veracruz (AIEVAC), Jos\u00e9 Antonio Marqu\u00ednez Seemann.<\/p>\n\n\n\n<p><br>Agreg\u00f3 que la relocalizaci\u00f3n de inversiones y proyectos industriales en el pa\u00eds, como el traslado de operaciones automotrices a la regi\u00f3n centro, tambi\u00e9n representa un impulso indirecto para Veracruz, especialmente por la proveedur\u00eda que se mueve a trav\u00e9s del puerto.<\/p>\n\n\n\n<p><br>Cabe mencionar que en 2027 la empresa Volkswagen en Alemania trasladar\u00e1 a su f\u00e1brica del estado de Puebla, la producci\u00f3n de los modelos Golf y Golf Estate.<\/p>\n\n\n\n<p><br>En tanto Marqu\u00ednez Seemann dijo que el<br>sector industrial de Veracruz mantiene una perspectiva positiva para 2026, ya\u00a0 que, pese a los retos registrados en a\u00f1os recientes, el panorama comienza a despejarse y ofrece condiciones favorables para el crecimiento empresarial.<\/p>\n\n\n\n<p><br>Marqu\u00ednez Seemann agreg\u00f3 que actualmente existe un alto inter\u00e9s por parte de las instituciones financieras para otorgar cr\u00e9dito a empresas que busquen expandirse, lo que abre una ventana de oportunidad para nuevas inversiones y proyectos productivos en la entidad.<\/p>\n\n\n\n<p><br>\u201cLas bancas comerciales est\u00e1n \u00e1vidas de colocar dinero y necesitan que les toquen la puerta. Hay mucho apetito para invertir y hay voluntad para que los proyectos que quieran crecer puedan hacerlo\u201d.<\/p>\n\n\n\n<p><br>Confi\u00f3 en que este entorno permita consolidar un 2026 con mayor dinamismo econ\u00f3mico, siempre y cuando se mantenga la coordinaci\u00f3n entre sector privado y autoridades.<br><\/p>\n","protected":false},"excerpt":{"rendered":"<p>Jes\u00fas Utrilla \/ NV Noticias El anuncio sobre el traslado, de la producci\u00f3n de los modelos Golf y Golf Estate desde la planta de Puebla hacia Alemania tambi\u00e9n tendr\u00e1 un impacto positivo para el puerto de Veracruz, al consolidarlo como un punto estrat\u00e9gico en la log\u00edstica y exportaci\u00f3n automotriz, debido al incremento en el movimiento [&hellip;]<\/p>\n","protected":false},"author":8,"featured_media":207314,"comment_status":"open","ping_status":"open","sticky":false,"template":"","format":"standard","meta":{"_monsterinsights_skip_tracking":false,"_monsterinsights_sitenote_active":false,"_monsterinsights_sitenote_note":"","_monsterinsights_sitenote_category":0,"footnotes":""},"categories":[154],"tags":[4399,13136,9427],"class_list":["post-207313","post","type-post","status-publish","format-standard","has-post-thumbnail","hentry","category-veracruz","tag-autos","tag-golf","tag-volkswagen","wp-image-borders"],"amp_enabled":true,"_links":{"self":[{"href":"https:\/\/nvnoticias.mx\/index.php\/wp-json\/wp\/v2\/posts\/207313","targetHints":{"allow":["GET"]}}],"collection":[{"href":"https:\/\/nvnoticias.mx\/index.php\/wp-json\/wp\/v2\/posts"}],"about":[{"href":"https:\/\/nvnoticias.mx\/index.php\/wp-json\/wp\/v2\/types\/post"}],"author":[{"embeddable":true,"href":"https:\/\/nvnoticias.mx\/index.php\/wp-json\/wp\/v2\/users\/8"}],"replies":[{"embeddable":true,"href":"https:\/\/nvnoticias.mx\/index.php\/wp-json\/wp\/v2\/comments?post=207313"}],"version-history":[{"count":1,"href":"https:\/\/nvnoticias.mx\/index.php\/wp-json\/wp\/v2\/posts\/207313\/revisions"}],"predecessor-version":[{"id":207315,"href":"https:\/\/nvnoticias.mx\/index.php\/wp-json\/wp\/v2\/posts\/207313\/revisions\/207315"}],"wp:featuredmedia":[{"embeddable":true,"href":"https:\/\/nvnoticias.mx\/index.php\/wp-json\/wp\/v2\/media\/207314"}],"wp:attachment":[{"href":"https:\/\/nvnoticias.mx\/index.php\/wp-json\/wp\/v2\/media?parent=207313"}],"wp:term":[{"taxonomy":"category","embeddable":true,"href":"https:\/\/nvnoticias.mx\/index.php\/wp-json\/wp\/v2\/categories?post=207313"},{"taxonomy":"post_tag","embeddable":true,"href":"https:\/\/nvnoticias.mx\/index.php\/wp-json\/wp\/v2\/tags?post=207313"}],"curies":[{"name":"wp","href":"https:\/\/api.w.org\/{rel}","templated":true}]}}