{"id":207295,"date":"2026-01-23T13:31:36","date_gmt":"2026-01-23T19:31:36","guid":{"rendered":"https:\/\/nvnoticias.mx\/?p=207295"},"modified":"2026-01-23T13:31:40","modified_gmt":"2026-01-23T19:31:40","slug":"escuelas-ajustan-horarios-por-frio-aplican-esquema-de-invierno-hasta-febrero","status":"publish","type":"post","link":"https:\/\/nvnoticias.mx\/index.php\/2026\/01\/23\/escuelas-ajustan-horarios-por-frio-aplican-esquema-de-invierno-hasta-febrero\/","title":{"rendered":"Escuelas ajustan horarios por fr\u00edo; aplican esquema de invierno hasta febrero"},"content":{"rendered":"\n<p><\/p>\n\n\n\n<p><strong>Sam Ojeda \/ NV Noticias<\/strong><\/p>\n\n\n\n<p>Xalapa.- La Secretar\u00eda de Educaci\u00f3n de Veracruz (SEV) reiter\u00f3 la aplicaci\u00f3n del horario de invierno en escuelas de todos los niveles, como medida preventiva ante las bajas temperaturas registradas en distintas regiones del estado.<\/p>\n\n\n\n<p>La titular de la dependencia, Claudia Tello Espinosa, explic\u00f3 que el ajuste de horarios debe acordarse entre madres y padres de familia y el Consejo T\u00e9cnico Escolar, tomando en cuenta las condiciones climatol\u00f3gicas de cada zona.<\/p>\n\n\n\n<p>\u201cLa Secretar\u00eda de Educaci\u00f3n de Veracruz siempre est\u00e1 atenta de los cuidados hacia los ni\u00f1os y ni\u00f1as del estado. Vamos a estar procurando que este comunicado se cumpla y todos los maestros estaremos pendientes cuidando la salud\u201d, se\u00f1al\u00f3.<\/p>\n\n\n\n<p>De acuerdo con el oficio 1477\/2025, emitido el 18 de diciembre, el corrimiento de horarios se sustenta en criterios m\u00e9dicos preventivos, ya que la exposici\u00f3n al fr\u00edo en las primeras horas del d\u00eda incrementa el riesgo de infecciones respiratorias en la poblaci\u00f3n infantil.<\/p>\n\n\n\n<p>El horario de invierno est\u00e1 vigente del 12 de enero al 27 de febrero. En el turno matutino de preescolar, primaria, centros de atenci\u00f3n m\u00faltiple y secundarias \u2014generales, t\u00e9cnicas y telesecundarias\u2014, la entrada podr\u00e1 retrasarse hasta 30 minutos, mientras que la salida se mantiene sin cambios.<\/p>\n\n\n\n<p>Para el turno vespertino, en esos mismos niveles, el ingreso se conserva en el horario habitual y la salida se adelanta media hora.<\/p>\n\n\n\n<p>La SEV precis\u00f3 que esta medida solo aplica para el alumnado, ya que el personal docente y de apoyo deber\u00e1 cumplir su jornada laboral completa.<\/p>\n\n\n\n<p><\/p>\n","protected":false},"excerpt":{"rendered":"<p>Sam Ojeda \/ NV Noticias Xalapa.- La Secretar\u00eda de Educaci\u00f3n de Veracruz (SEV) reiter\u00f3 la aplicaci\u00f3n del horario de invierno en escuelas de todos los niveles, como medida preventiva ante las bajas temperaturas registradas en distintas regiones del estado. La titular de la dependencia, Claudia Tello Espinosa, explic\u00f3 que el ajuste de horarios debe acordarse [&hellip;]<\/p>\n","protected":false},"author":8,"featured_media":113275,"comment_status":"open","ping_status":"open","sticky":false,"template":"","format":"standard","meta":{"_monsterinsights_skip_tracking":false,"_monsterinsights_sitenote_active":false,"_monsterinsights_sitenote_note":"","_monsterinsights_sitenote_category":0,"footnotes":""},"categories":[156],"tags":[659,7186,3483],"class_list":["post-207295","post","type-post","status-publish","format-standard","has-post-thumbnail","hentry","category-estado","tag-escuelas","tag-frio","tag-horarios","wp-image-borders"],"amp_enabled":true,"_links":{"self":[{"href":"https:\/\/nvnoticias.mx\/index.php\/wp-json\/wp\/v2\/posts\/207295","targetHints":{"allow":["GET"]}}],"collection":[{"href":"https:\/\/nvnoticias.mx\/index.php\/wp-json\/wp\/v2\/posts"}],"about":[{"href":"https:\/\/nvnoticias.mx\/index.php\/wp-json\/wp\/v2\/types\/post"}],"author":[{"embeddable":true,"href":"https:\/\/nvnoticias.mx\/index.php\/wp-json\/wp\/v2\/users\/8"}],"replies":[{"embeddable":true,"href":"https:\/\/nvnoticias.mx\/index.php\/wp-json\/wp\/v2\/comments?post=207295"}],"version-history":[{"count":1,"href":"https:\/\/nvnoticias.mx\/index.php\/wp-json\/wp\/v2\/posts\/207295\/revisions"}],"predecessor-version":[{"id":207296,"href":"https:\/\/nvnoticias.mx\/index.php\/wp-json\/wp\/v2\/posts\/207295\/revisions\/207296"}],"wp:featuredmedia":[{"embeddable":true,"href":"https:\/\/nvnoticias.mx\/index.php\/wp-json\/wp\/v2\/media\/113275"}],"wp:attachment":[{"href":"https:\/\/nvnoticias.mx\/index.php\/wp-json\/wp\/v2\/media?parent=207295"}],"wp:term":[{"taxonomy":"category","embeddable":true,"href":"https:\/\/nvnoticias.mx\/index.php\/wp-json\/wp\/v2\/categories?post=207295"},{"taxonomy":"post_tag","embeddable":true,"href":"https:\/\/nvnoticias.mx\/index.php\/wp-json\/wp\/v2\/tags?post=207295"}],"curies":[{"name":"wp","href":"https:\/\/api.w.org\/{rel}","templated":true}]}}