{"id":207131,"date":"2026-01-22T13:17:27","date_gmt":"2026-01-22T19:17:27","guid":{"rendered":"https:\/\/nvnoticias.mx\/?p=207131"},"modified":"2026-01-22T13:17:32","modified_gmt":"2026-01-22T19:17:32","slug":"salida-de-director-en-cultura-fisica-fue-voluntaria-alcaldesa","status":"publish","type":"post","link":"https:\/\/nvnoticias.mx\/index.php\/2026\/01\/22\/salida-de-director-en-cultura-fisica-fue-voluntaria-alcaldesa\/","title":{"rendered":"Salida de director en Cultura F\u00edsica fue voluntaria: alcaldesa"},"content":{"rendered":"\n<p><\/p>\n\n\n\n<p><strong>Sam Ojeda \/ NV Noticias<\/strong><\/p>\n\n\n\n<p>Xalapa.- La presidenta municipal Daniela Guadalupe Griego Ceballos descart\u00f3 que Rub\u00e9n Ortiz Pulido haya sido despedido de la Direcci\u00f3n de Cultura F\u00edsica del ayuntamiento y asegur\u00f3 que su salida se debi\u00f3 a motivos personales, tras aceptar otra oferta laboral cercana a su familia.<\/p>\n\n\n\n<p>La alcaldesa afirm\u00f3 que el exfuncionario dialog\u00f3 directamente con ella antes de dejar el cargo, por lo que neg\u00f3 cualquier conflicto interno o decisi\u00f3n administrativa forzada.<\/p>\n\n\n\n<p>\u201cDesde hace alg\u00fan tiempo hab\u00eda solicitado la posibilidad de tener otro empleo y se fue cuando recibi\u00f3 una buena noticia\u201d, explic\u00f3.<\/p>\n\n\n\n<p>Griego Ceballos inform\u00f3 que Rafael Moguel qued\u00f3 al frente de la dependencia, quien ya formaba parte del equipo y particip\u00f3 en la planeaci\u00f3n anual del \u00e1rea, lo que permitir\u00e1 dar continuidad a los proyectos en curso.<\/p>\n\n\n\n<p>Se\u00f1al\u00f3 que las actividades deportivas y recreativas programadas se mantienen sin cambios, entre ellas \u201cXalapa en el Mundial\u201d, la participaci\u00f3n en la Olimpiada Estatal y el abanderamiento de delegaciones infantiles y juveniles.<\/p>\n\n\n\n<p><\/p>\n","protected":false},"excerpt":{"rendered":"<p>Sam Ojeda \/ NV Noticias Xalapa.- La presidenta municipal Daniela Guadalupe Griego Ceballos descart\u00f3 que Rub\u00e9n Ortiz Pulido haya sido despedido de la Direcci\u00f3n de Cultura F\u00edsica del ayuntamiento y asegur\u00f3 que su salida se debi\u00f3 a motivos personales, tras aceptar otra oferta laboral cercana a su familia. La alcaldesa afirm\u00f3 que el exfuncionario dialog\u00f3 [&hellip;]<\/p>\n","protected":false},"author":8,"featured_media":207132,"comment_status":"open","ping_status":"open","sticky":false,"template":"","format":"standard","meta":{"_monsterinsights_skip_tracking":false,"_monsterinsights_sitenote_active":false,"_monsterinsights_sitenote_note":"","_monsterinsights_sitenote_category":0,"footnotes":""},"categories":[156],"tags":[342,7046,312],"class_list":["post-207131","post","type-post","status-publish","format-standard","has-post-thumbnail","hentry","category-estado","tag-cultura","tag-director","tag-xalapa","wp-image-borders"],"amp_enabled":true,"_links":{"self":[{"href":"https:\/\/nvnoticias.mx\/index.php\/wp-json\/wp\/v2\/posts\/207131","targetHints":{"allow":["GET"]}}],"collection":[{"href":"https:\/\/nvnoticias.mx\/index.php\/wp-json\/wp\/v2\/posts"}],"about":[{"href":"https:\/\/nvnoticias.mx\/index.php\/wp-json\/wp\/v2\/types\/post"}],"author":[{"embeddable":true,"href":"https:\/\/nvnoticias.mx\/index.php\/wp-json\/wp\/v2\/users\/8"}],"replies":[{"embeddable":true,"href":"https:\/\/nvnoticias.mx\/index.php\/wp-json\/wp\/v2\/comments?post=207131"}],"version-history":[{"count":1,"href":"https:\/\/nvnoticias.mx\/index.php\/wp-json\/wp\/v2\/posts\/207131\/revisions"}],"predecessor-version":[{"id":207133,"href":"https:\/\/nvnoticias.mx\/index.php\/wp-json\/wp\/v2\/posts\/207131\/revisions\/207133"}],"wp:featuredmedia":[{"embeddable":true,"href":"https:\/\/nvnoticias.mx\/index.php\/wp-json\/wp\/v2\/media\/207132"}],"wp:attachment":[{"href":"https:\/\/nvnoticias.mx\/index.php\/wp-json\/wp\/v2\/media?parent=207131"}],"wp:term":[{"taxonomy":"category","embeddable":true,"href":"https:\/\/nvnoticias.mx\/index.php\/wp-json\/wp\/v2\/categories?post=207131"},{"taxonomy":"post_tag","embeddable":true,"href":"https:\/\/nvnoticias.mx\/index.php\/wp-json\/wp\/v2\/tags?post=207131"}],"curies":[{"name":"wp","href":"https:\/\/api.w.org\/{rel}","templated":true}]}}