{"id":207046,"date":"2026-01-21T13:21:55","date_gmt":"2026-01-21T19:21:55","guid":{"rendered":"https:\/\/nvnoticias.mx\/?p=207046"},"modified":"2026-01-21T13:21:59","modified_gmt":"2026-01-21T19:21:59","slug":"pide-imss-bienestar-lista-actualizada-de-los-ninos-que-reciben-atencion-en-torre-pediatrica","status":"publish","type":"post","link":"https:\/\/nvnoticias.mx\/index.php\/2026\/01\/21\/pide-imss-bienestar-lista-actualizada-de-los-ninos-que-reciben-atencion-en-torre-pediatrica\/","title":{"rendered":"Pide IMSS Bienestar lista actualizada de los ni\u00f1os que reciben atenci\u00f3n en Torre Pedi\u00e1trica\u00a0"},"content":{"rendered":"\n<p><br><strong>Jes\u00fas Utrilla \/ NV Noticias <\/strong><\/p>\n\n\n\n<p><br>El IMSS Bienestar solicit\u00f3 a padres de familia una lista actualizada de los ni\u00f1os con c\u00e1ncer que reciben atenci\u00f3n en el Hospital Infantil de Veracruz, como parte de un acercamiento con los familiares ante las constantes deficiencias en la atenci\u00f3n m\u00e9dica.<\/p>\n\n\n\n<p><br>Cora de Jes\u00fas Rodr\u00edguez, representante de los padres de pacientes pedi\u00e1tricos oncol\u00f3gicos, consider\u00f3 que el trabajo de Roberto Ramos Alor al frente del IMSS Bienestar es insuficiente y no ha logrado resolver problemas que, asegur\u00f3, se arrastran desde hace varios a\u00f1os.<\/p>\n\n\n\n<p><br>\u201cNosotros estamos con estos problemas desde el 2018, desde que era Roberto Ramos Alor secretario de Salud, lamentablemente hoy \u00e9l se encuentra siendo coordinador de Bienestar y yo creo que aqu\u00ed el problema es que \u00e9l no est\u00e1 haciendo bien su trabajo para poderlo coordinar y poder tener el abastecimiento suficiente para nuestros m\u00e9dicos\u201d.<\/p>\n\n\n\n<p><br>La representante expuso que, adem\u00e1s del desabasto, existen fallas graves en la atenci\u00f3n hospitalaria, incluso en servicios b\u00e1sicos para pacientes internados.<br>\u201cAunque se oiga incre\u00edble, no lo hay y se requiere que haya interconsultas para pacientes que est\u00e1n internados\u201d, expres\u00f3, al tiempo que reconoci\u00f3 que las manifestaciones de los padres han sido recurrentes debido a la falta de soluciones.<\/p>\n\n\n\n<p><br>Explic\u00f3 que autoridades del IMSS Bienestar se acercaron para conocer el n\u00famero de pacientes pedi\u00e1tricos y las principales necesidades del \u00e1rea oncol\u00f3gica.<\/p>\n\n\n\n<p><br>Indic\u00f3 que se acord\u00f3 una reuni\u00f3n para entablar di\u00e1logo y buscar respuestas concretas; sin embargo, advirti\u00f3 que, de no haber soluciones favorables, continuar\u00e1n con las manifestaciones.<br><\/p>\n","protected":false},"excerpt":{"rendered":"<p>Jes\u00fas Utrilla \/ NV Noticias El IMSS Bienestar solicit\u00f3 a padres de familia una lista actualizada de los ni\u00f1os con c\u00e1ncer que reciben atenci\u00f3n en el Hospital Infantil de Veracruz, como parte de un acercamiento con los familiares ante las constantes deficiencias en la atenci\u00f3n m\u00e9dica. Cora de Jes\u00fas Rodr\u00edguez, representante de los padres de [&hellip;]<\/p>\n","protected":false},"author":8,"featured_media":207047,"comment_status":"open","ping_status":"open","sticky":false,"template":"","format":"standard","meta":{"_monsterinsights_skip_tracking":false,"_monsterinsights_sitenote_active":false,"_monsterinsights_sitenote_note":"","_monsterinsights_sitenote_category":0,"footnotes":""},"categories":[154],"tags":[30081,10376],"class_list":["post-207046","post","type-post","status-publish","format-standard","has-post-thumbnail","hentry","category-veracruz","tag-imss-bienestar-3","tag-torre-pediatrica","wp-image-borders"],"amp_enabled":true,"_links":{"self":[{"href":"https:\/\/nvnoticias.mx\/index.php\/wp-json\/wp\/v2\/posts\/207046","targetHints":{"allow":["GET"]}}],"collection":[{"href":"https:\/\/nvnoticias.mx\/index.php\/wp-json\/wp\/v2\/posts"}],"about":[{"href":"https:\/\/nvnoticias.mx\/index.php\/wp-json\/wp\/v2\/types\/post"}],"author":[{"embeddable":true,"href":"https:\/\/nvnoticias.mx\/index.php\/wp-json\/wp\/v2\/users\/8"}],"replies":[{"embeddable":true,"href":"https:\/\/nvnoticias.mx\/index.php\/wp-json\/wp\/v2\/comments?post=207046"}],"version-history":[{"count":1,"href":"https:\/\/nvnoticias.mx\/index.php\/wp-json\/wp\/v2\/posts\/207046\/revisions"}],"predecessor-version":[{"id":207048,"href":"https:\/\/nvnoticias.mx\/index.php\/wp-json\/wp\/v2\/posts\/207046\/revisions\/207048"}],"wp:featuredmedia":[{"embeddable":true,"href":"https:\/\/nvnoticias.mx\/index.php\/wp-json\/wp\/v2\/media\/207047"}],"wp:attachment":[{"href":"https:\/\/nvnoticias.mx\/index.php\/wp-json\/wp\/v2\/media?parent=207046"}],"wp:term":[{"taxonomy":"category","embeddable":true,"href":"https:\/\/nvnoticias.mx\/index.php\/wp-json\/wp\/v2\/categories?post=207046"},{"taxonomy":"post_tag","embeddable":true,"href":"https:\/\/nvnoticias.mx\/index.php\/wp-json\/wp\/v2\/tags?post=207046"}],"curies":[{"name":"wp","href":"https:\/\/api.w.org\/{rel}","templated":true}]}}