{"id":207024,"date":"2026-01-21T12:11:46","date_gmt":"2026-01-21T18:11:46","guid":{"rendered":"https:\/\/nvnoticias.mx\/?p=207024"},"modified":"2026-01-21T12:11:51","modified_gmt":"2026-01-21T18:11:51","slug":"canada-vive-gracias-a-estados-unidos-recuerdalo-mark-trump","status":"publish","type":"post","link":"https:\/\/nvnoticias.mx\/index.php\/2026\/01\/21\/canada-vive-gracias-a-estados-unidos-recuerdalo-mark-trump\/","title":{"rendered":"Canad\u00e1 vive gracias a Estados Unidos. Recu\u00e9rdalo, Mark: Trump"},"content":{"rendered":"\n<p>El presidente de Estados Unidos, Donald Trump, reprendi\u00f3 a Mark Carney este mi\u00e9rcoles en Davos, despu\u00e9s de que el primer ministro canadiense pronunciara un encendido discurso sobre la &#8220;ruptura&#8221; del orden internacional basado en normas.<\/p>\n\n\n\n<p>En un discurso de gran alcance en la reuni\u00f3n anual del Foro Econ\u00f3mico Mundial en Suiza, Trump toc\u00f3 todos los temas, desde su objetivo de adquirir Groenlandia hasta sus planes para Venezuela y el pr\u00f3ximo presidente de la Reserva Federal. Pero tuvo duras palabras para Carney, que recibi\u00f3 una gran ovaci\u00f3n por sus declaraciones en el foro el martes.<\/p>\n\n\n\n<p>&#8220;Deber\u00edan estar agradecidos a nosotros, Canad\u00e1. Canad\u00e1 vive gracias a Estados Unidos. Recu\u00e9rdalo, Mark, la pr\u00f3xima vez que hagas tus declaraciones&#8221;, dijo Trump.<\/p>\n\n\n\n<p>En su discurso especial, Carney expres\u00f3 el deseo de Canad\u00e1 de forjar nuevas alianzas con pa\u00edses afines mientras navega en una relaci\u00f3n delicada con Washington.<\/p>\n\n\n\n<p>&#8220;Estamos en medio de una ruptura, no de una transici\u00f3n&#8221;, dijo Carney, se\u00f1alando c\u00f3mo las &#8220;grandes potencias&#8221; estaban utilizando la integraci\u00f3n econ\u00f3mica como armas y los aranceles como palanca. No nombr\u00f3 directamente a Trump ni a Estados Unidos.<\/p>\n\n\n\n<p>&#8220;Sabemos que el viejo orden no va a volver. No deber\u00edamos lamentarlo. La nostalgia no es una estrategia&#8221;, afirm\u00f3.<\/p>\n\n\n\n<p>Trump ha amenazado anteriormente con anexionarse Canad\u00e1, y el martes comparti\u00f3 una imagen de IA de un mapa que muestra Canad\u00e1 y Groenlandia como parte de Estados Unidos.<\/p>\n\n\n\n<p>La oficina de Carney declin\u00f3 hacer comentarios sobre el discurso de Trump.<\/p>\n\n\n\n<p>Fuente: La <a href=\"https:\/\/www.jornada.com.mx\/noticia\/2026\/01\/21\/economia\/canada-vive-gracias-a-estados-unidos-recuerdalo-mark-trump\">Jornada<\/a> <\/p>\n","protected":false},"excerpt":{"rendered":"<p>El presidente de Estados Unidos, Donald Trump, reprendi\u00f3 a Mark Carney este mi\u00e9rcoles en Davos, despu\u00e9s de que el primer ministro canadiense pronunciara un encendido discurso sobre la &#8220;ruptura&#8221; del orden internacional basado en normas. En un discurso de gran alcance en la reuni\u00f3n anual del Foro Econ\u00f3mico Mundial en Suiza, Trump toc\u00f3 todos los [&hellip;]<\/p>\n","protected":false},"author":35,"featured_media":207025,"comment_status":"open","ping_status":"open","sticky":false,"template":"","format":"standard","meta":{"_monsterinsights_skip_tracking":false,"_monsterinsights_sitenote_active":false,"_monsterinsights_sitenote_note":"","_monsterinsights_sitenote_category":0,"footnotes":""},"categories":[181],"tags":[887,230],"class_list":["post-207024","post","type-post","status-publish","format-standard","has-post-thumbnail","hentry","category-internacional","tag-canada-2","tag-donald-trump","wp-image-borders"],"amp_enabled":true,"_links":{"self":[{"href":"https:\/\/nvnoticias.mx\/index.php\/wp-json\/wp\/v2\/posts\/207024","targetHints":{"allow":["GET"]}}],"collection":[{"href":"https:\/\/nvnoticias.mx\/index.php\/wp-json\/wp\/v2\/posts"}],"about":[{"href":"https:\/\/nvnoticias.mx\/index.php\/wp-json\/wp\/v2\/types\/post"}],"author":[{"embeddable":true,"href":"https:\/\/nvnoticias.mx\/index.php\/wp-json\/wp\/v2\/users\/35"}],"replies":[{"embeddable":true,"href":"https:\/\/nvnoticias.mx\/index.php\/wp-json\/wp\/v2\/comments?post=207024"}],"version-history":[{"count":4,"href":"https:\/\/nvnoticias.mx\/index.php\/wp-json\/wp\/v2\/posts\/207024\/revisions"}],"predecessor-version":[{"id":207029,"href":"https:\/\/nvnoticias.mx\/index.php\/wp-json\/wp\/v2\/posts\/207024\/revisions\/207029"}],"wp:featuredmedia":[{"embeddable":true,"href":"https:\/\/nvnoticias.mx\/index.php\/wp-json\/wp\/v2\/media\/207025"}],"wp:attachment":[{"href":"https:\/\/nvnoticias.mx\/index.php\/wp-json\/wp\/v2\/media?parent=207024"}],"wp:term":[{"taxonomy":"category","embeddable":true,"href":"https:\/\/nvnoticias.mx\/index.php\/wp-json\/wp\/v2\/categories?post=207024"},{"taxonomy":"post_tag","embeddable":true,"href":"https:\/\/nvnoticias.mx\/index.php\/wp-json\/wp\/v2\/tags?post=207024"}],"curies":[{"name":"wp","href":"https:\/\/api.w.org\/{rel}","templated":true}]}}