{"id":206956,"date":"2026-01-20T14:29:42","date_gmt":"2026-01-20T20:29:42","guid":{"rendered":"https:\/\/nvnoticias.mx\/?p=206956"},"modified":"2026-01-20T14:29:46","modified_gmt":"2026-01-20T20:29:46","slug":"espera-crecimiento-sector-inmobiliario-la-riviera-veracruzana-la-de-mayor-desarrollo-en-veracruz","status":"publish","type":"post","link":"https:\/\/nvnoticias.mx\/index.php\/2026\/01\/20\/espera-crecimiento-sector-inmobiliario-la-riviera-veracruzana-la-de-mayor-desarrollo-en-veracruz\/","title":{"rendered":"Espera crecimiento sector inmobiliario; la Riviera Veracruzana la de mayor desarrollo en Veracruz"},"content":{"rendered":"\n<p><\/p>\n\n\n\n<p><strong>Jes\u00fas Utrilla \/ NV Noticias <\/strong><\/p>\n\n\n\n<p>El sector inmobiliario en M\u00e9xico podr\u00eda crecer alrededor de 5 &nbsp;y 6 por ciento en 2026, apoyado en la movilidad laboral y en expectativas de tasas de inter\u00e9s m\u00e1s bajas, lo que favorecer\u00e1 la colocaci\u00f3n de cr\u00e9ditos hipotecarios y la actividad desarrolladora, se\u00f1al\u00f3 Pedro Fern\u00e1ndez Mart\u00ednez, especialista en el sector inmobiliario.<\/p>\n\n\n\n<p>Dijo que el tama\u00f1o del mercado residencial mexicano en 2026 se estima en aproximadamente 49 mil millones de d\u00f3lares, con un crecimiento continuo hacia 2031. Esto refleja un dinamismo importante, especialmente en vivienda media y segmento de renta. &nbsp;<\/p>\n\n\n\n<p>\u201cEn Veracruz, Boca del R\u00edo y la Riviera Veracruzana estamos viendo un crecimiento sostenido en la demanda de vivienda, tanto de inter\u00e9s medio como residencial. Estas zonas se han consolidado como focos atractivos para desarrollos, impulsados tanto por la calidad de vida como por oportunidades laborales y expansi\u00f3n de servicios\u201d.<\/p>\n\n\n\n<p>Fern\u00e1ndez Mart\u00ednez destac\u00f3 que la regi\u00f3n costera del estado, en particular, est\u00e1 viendo mayor inversi\u00f3n en proyectos verticales y fraccionamientos con amenidades modernas, lo que responde a un inter\u00e9s creciente de compradores locales y for\u00e1neos. &nbsp;<\/p>\n\n\n\n<p>Otro punto relevante, es el impacto de programas p\u00fablicos como Vivienda del Bienestar, que contribuyen a disminuir el d\u00e9ficit habitacional nacional y han generado impacto en municipios como Veracruz y Coatzacoalcos. Estas iniciativas ayudan a ampliar el acceso a vivienda digna y fortalecen el mercado interno. &nbsp;<\/p>\n\n\n\n<p>\u201cEl mercado inmobiliario mexicano enfrenta un entorno de crecimiento moderado y sostenido este 2026, impulsado por factores estructurales como la demanda de vivienda y la llegada de inversiones\u201d.<\/p>\n\n\n\n<p>En conjunto, la perspectiva para 2026 en M\u00e9xico y en Veracruz es de crecimiento estable, con segmentos de vivienda media y residencial liderando la expansi\u00f3n y con zonas estrat\u00e9gicas como Veracruz destac\u00e1ndose por su atractivo tanto para inversi\u00f3n como para desarrollo urbano.<\/p>\n","protected":false},"excerpt":{"rendered":"<p>Jes\u00fas Utrilla \/ NV Noticias El sector inmobiliario en M\u00e9xico podr\u00eda crecer alrededor de 5 &nbsp;y 6 por ciento en 2026, apoyado en la movilidad laboral y en expectativas de tasas de inter\u00e9s m\u00e1s bajas, lo que favorecer\u00e1 la colocaci\u00f3n de cr\u00e9ditos hipotecarios y la actividad desarrolladora, se\u00f1al\u00f3 Pedro Fern\u00e1ndez Mart\u00ednez, especialista en el sector [&hellip;]<\/p>\n","protected":false},"author":8,"featured_media":206957,"comment_status":"open","ping_status":"open","sticky":false,"template":"","format":"standard","meta":{"_monsterinsights_skip_tracking":false,"_monsterinsights_sitenote_active":false,"_monsterinsights_sitenote_note":"","_monsterinsights_sitenote_category":0,"footnotes":""},"categories":[154],"tags":[2699,18021,1272],"class_list":["post-206956","post","type-post","status-publish","format-standard","has-post-thumbnail","hentry","category-veracruz","tag-crecimiento","tag-riviera-veracruzana","tag-sector-inmobiliario","wp-image-borders"],"amp_enabled":true,"_links":{"self":[{"href":"https:\/\/nvnoticias.mx\/index.php\/wp-json\/wp\/v2\/posts\/206956","targetHints":{"allow":["GET"]}}],"collection":[{"href":"https:\/\/nvnoticias.mx\/index.php\/wp-json\/wp\/v2\/posts"}],"about":[{"href":"https:\/\/nvnoticias.mx\/index.php\/wp-json\/wp\/v2\/types\/post"}],"author":[{"embeddable":true,"href":"https:\/\/nvnoticias.mx\/index.php\/wp-json\/wp\/v2\/users\/8"}],"replies":[{"embeddable":true,"href":"https:\/\/nvnoticias.mx\/index.php\/wp-json\/wp\/v2\/comments?post=206956"}],"version-history":[{"count":1,"href":"https:\/\/nvnoticias.mx\/index.php\/wp-json\/wp\/v2\/posts\/206956\/revisions"}],"predecessor-version":[{"id":206958,"href":"https:\/\/nvnoticias.mx\/index.php\/wp-json\/wp\/v2\/posts\/206956\/revisions\/206958"}],"wp:featuredmedia":[{"embeddable":true,"href":"https:\/\/nvnoticias.mx\/index.php\/wp-json\/wp\/v2\/media\/206957"}],"wp:attachment":[{"href":"https:\/\/nvnoticias.mx\/index.php\/wp-json\/wp\/v2\/media?parent=206956"}],"wp:term":[{"taxonomy":"category","embeddable":true,"href":"https:\/\/nvnoticias.mx\/index.php\/wp-json\/wp\/v2\/categories?post=206956"},{"taxonomy":"post_tag","embeddable":true,"href":"https:\/\/nvnoticias.mx\/index.php\/wp-json\/wp\/v2\/tags?post=206956"}],"curies":[{"name":"wp","href":"https:\/\/api.w.org\/{rel}","templated":true}]}}