{"id":206893,"date":"2026-01-20T13:13:23","date_gmt":"2026-01-20T19:13:23","guid":{"rendered":"https:\/\/nvnoticias.mx\/?p=206893"},"modified":"2026-01-20T13:13:27","modified_gmt":"2026-01-20T19:13:27","slug":"fiscalia-de-peru-investiga-a-presidente-de-facto-jose-jeri-por-reunion-con-empresario-chino","status":"publish","type":"post","link":"https:\/\/nvnoticias.mx\/index.php\/2026\/01\/20\/fiscalia-de-peru-investiga-a-presidente-de-facto-jose-jeri-por-reunion-con-empresario-chino\/","title":{"rendered":"Fiscal\u00eda de Per\u00fa investiga a presidente de facto Jos\u00e9 Jer\u00ed por reuni\u00f3n con empresario chino"},"content":{"rendered":"\n<p>La fiscal\u00eda de Per\u00fa inici\u00f3 una investigaci\u00f3n preliminar contra el presidente de facto, Jos\u00e9 Jer\u00ed, mientras que el Congreso busca dar pie a un proceso para \u200csu destituci\u00f3n, tras revelarse recientes reuniones del mandatario con un empresario chino fuera de su agenda oficial en un nuevo esc\u00e1ndalo pol\u00edtico que golpea al pa\u00eds andino.<\/p>\n\n\n\n<p>Jer\u00ed, quien asumi\u00f3 el poder en octubre se puso a disposici\u00f3n la noche de este lunes de la fiscal\u00eda y de la comisi\u00f3n de fiscalizaci\u00f3n del Congreso para &#8220;brindar las declaraciones y aclaraciones&#8221; sobre el tema, seg\u00fan inform\u00f3 la oficina de prensa del presidente.<\/p>\n\n\n\n<p>Legisladores opositores han manifestado que buscan presentar una moci\u00f3n para la vacancia o censura de Jer\u00ed, de 39 a\u00f1os y cuya popularidad, aunque baj\u00f3 en enero a 44 por ciento seg\u00fan la encuestadora local CPI, sigue alta frente \u200ca la de los \u2060\u00faltimos mandatarios.<\/p>\n\n\n\n<p>&#8220;Lo que t\u00e9cnicamente corresponde es una censura porque (Jer\u00ed) asumi\u00f3 al poder como presidente del Congreso&#8221;, declar\u00f3 a periodistas el legislador Guido Bellido, que fue primer ministro del destituido ex mandatario izquierdista Pedro Castillo.<\/p>\n\n\n\n<p>La primera reuni\u00f3n de Jer\u00ed con el empresario due\u00f1o de tiendas comerciales y de una concesi\u00f3n para un \u200cproyecto de energ\u00eda, \u200bse produjo el 26 de diciembre y la segunda, el 6 de enero, seg\u00fan im\u00e1genes difundidas los \u00faltimos d\u00edas por dos canales de TV.<\/p>\n\n\n\n<p>Jer\u00ed, en un mensaje grabado, pidi\u00f3 el domingo disculpas p\u00fablicas por la primera cita para &#8220;una \u200dcena&#8221; en un restaurante de comida china en Lima. Se\u00f1al\u00f3 que acudi\u00f3 para coordinar la celebraci\u00f3n \u200dde un aniversario m\u00e1s por la amistad peruano-china y descart\u00f3 haber recibido un &#8220;pedido irregular&#8221;.<\/p>\n\n\n\n<p>Fuente: La <a href=\"https:\/\/www.jornada.com.mx\/noticia\/2026\/01\/20\/mundo\/fiscalia-de-peru-investiga-a-presidente-de-facto-jose-jeri-por-reunion-con-empresario-chino\">Jornada<\/a> <\/p>\n","protected":false},"excerpt":{"rendered":"<p>La fiscal\u00eda de Per\u00fa inici\u00f3 una investigaci\u00f3n preliminar contra el presidente de facto, Jos\u00e9 Jer\u00ed, mientras que el Congreso busca dar pie a un proceso para \u200csu destituci\u00f3n, tras revelarse recientes reuniones del mandatario con un empresario chino fuera de su agenda oficial en un nuevo esc\u00e1ndalo pol\u00edtico que golpea al pa\u00eds andino. Jer\u00ed, quien [&hellip;]<\/p>\n","protected":false},"author":35,"featured_media":206895,"comment_status":"open","ping_status":"open","sticky":false,"template":"","format":"standard","meta":{"_monsterinsights_skip_tracking":false,"_monsterinsights_sitenote_active":false,"_monsterinsights_sitenote_note":"","_monsterinsights_sitenote_category":0,"footnotes":""},"categories":[181],"tags":[4602],"class_list":["post-206893","post","type-post","status-publish","format-standard","has-post-thumbnail","hentry","category-internacional","tag-peru","wp-image-borders"],"amp_enabled":true,"_links":{"self":[{"href":"https:\/\/nvnoticias.mx\/index.php\/wp-json\/wp\/v2\/posts\/206893","targetHints":{"allow":["GET"]}}],"collection":[{"href":"https:\/\/nvnoticias.mx\/index.php\/wp-json\/wp\/v2\/posts"}],"about":[{"href":"https:\/\/nvnoticias.mx\/index.php\/wp-json\/wp\/v2\/types\/post"}],"author":[{"embeddable":true,"href":"https:\/\/nvnoticias.mx\/index.php\/wp-json\/wp\/v2\/users\/35"}],"replies":[{"embeddable":true,"href":"https:\/\/nvnoticias.mx\/index.php\/wp-json\/wp\/v2\/comments?post=206893"}],"version-history":[{"count":3,"href":"https:\/\/nvnoticias.mx\/index.php\/wp-json\/wp\/v2\/posts\/206893\/revisions"}],"predecessor-version":[{"id":206897,"href":"https:\/\/nvnoticias.mx\/index.php\/wp-json\/wp\/v2\/posts\/206893\/revisions\/206897"}],"wp:featuredmedia":[{"embeddable":true,"href":"https:\/\/nvnoticias.mx\/index.php\/wp-json\/wp\/v2\/media\/206895"}],"wp:attachment":[{"href":"https:\/\/nvnoticias.mx\/index.php\/wp-json\/wp\/v2\/media?parent=206893"}],"wp:term":[{"taxonomy":"category","embeddable":true,"href":"https:\/\/nvnoticias.mx\/index.php\/wp-json\/wp\/v2\/categories?post=206893"},{"taxonomy":"post_tag","embeddable":true,"href":"https:\/\/nvnoticias.mx\/index.php\/wp-json\/wp\/v2\/tags?post=206893"}],"curies":[{"name":"wp","href":"https:\/\/api.w.org\/{rel}","templated":true}]}}