{"id":206866,"date":"2026-01-20T09:28:37","date_gmt":"2026-01-20T15:28:37","guid":{"rendered":"https:\/\/nvnoticias.mx\/?p=206866"},"modified":"2026-01-20T09:28:42","modified_gmt":"2026-01-20T15:28:42","slug":"retrocede-2-5-ocupacion-en-establecimientos-con-programa-immex-en-noviembre-inegi","status":"publish","type":"post","link":"https:\/\/nvnoticias.mx\/index.php\/2026\/01\/20\/retrocede-2-5-ocupacion-en-establecimientos-con-programa-immex-en-noviembre-inegi\/","title":{"rendered":"Retrocede 2.5% ocupaci\u00f3n en establecimientos con programa IMMEX en noviembre: Inegi"},"content":{"rendered":"\n<p>La ocupaci\u00f3n en los establecimientos con programa de la industria manufacturera, maquiladora y de servicios de exportaci\u00f3n (IMMEX), que est\u00e1n muy vinculados con el comercio internacional, retrocedi\u00f3 2.5 por ciento anual en noviembre de 2025, revel\u00f3 el Instituto Nacional de Estad\u00edstica y Geograf\u00eda (Inegi).<\/p>\n\n\n\n<p>El personal ocupado en los establecimientos con programa IMMEX retrocedi\u00f3 en el pen\u00faltimo mes del a\u00f1o pasado, su segundo retroceso anual consecutivo; mientras que en su medici\u00f3n mes a mes cay\u00f3 0.2 por ciento, el segundo al hilo.<\/p>\n\n\n\n<p>Por tipo de establecimiento, en los manufactureros decreci\u00f3 3.3 por ciento anual y 0.3 por ciento mensual; y en los no manufactureros (asociados con actividades de agricultura, pesca, comercio y servicios) increment\u00f3 4.4 por ciento frente a noviembre de 2024 y 0.1 por ciento con respecto a octubre de 2025.<\/p>\n\n\n\n<p>Las horas trabajadas bajaron 2.5 y 0.9 por ciento a tasa anual y mensual, respectivamente: en las unidades econ\u00f3micas manufactureras cayeron 3.3 y 0.9 por ciento, en ese orden, y en las no manufactureras, subieron 3.7 por ciento anual y cayeron 1.9 por ciento mensual, en noviembre pasado.<\/p>\n\n\n\n<p>En tanto, las remuneraciones medias reales pagadas al personal contratado directamente por los establecimientos con programa IMMEX, &#8211;pesos mensuales por persona, deflactados con el \u00cdndice Nacional de Precios al Consumidor (INPC)&#8211;, crecieron 3.7 y 0.1 por ciento anual y mensual, respectivamente.<\/p>\n\n\n\n<p>Con cifras originales, en noviembre de 2025 hab\u00eda 6 mil 502 establecimientos registrados en el programa IMMEX: 5 mil 212 desempe\u00f1aron actividades manufactureras y mil 290 ejercieron actividades relacionadas con la agricultura, pesca, comercio y servicios.<\/p>\n\n\n\n<p>Fuente: La <a href=\"https:\/\/www.jornada.com.mx\/noticia\/2026\/01\/20\/economia\/retrocede-25-ocupacion-en-establecimientos-con-programa-immex-en-noviembre-inegi\">Jornada<\/a> <\/p>\n","protected":false},"excerpt":{"rendered":"<p>La ocupaci\u00f3n en los establecimientos con programa de la industria manufacturera, maquiladora y de servicios de exportaci\u00f3n (IMMEX), que est\u00e1n muy vinculados con el comercio internacional, retrocedi\u00f3 2.5 por ciento anual en noviembre de 2025, revel\u00f3 el Instituto Nacional de Estad\u00edstica y Geograf\u00eda (Inegi). El personal ocupado en los establecimientos con programa IMMEX retrocedi\u00f3 en [&hellip;]<\/p>\n","protected":false},"author":35,"featured_media":206867,"comment_status":"open","ping_status":"open","sticky":false,"template":"","format":"standard","meta":{"_monsterinsights_skip_tracking":false,"_monsterinsights_sitenote_active":false,"_monsterinsights_sitenote_note":"","_monsterinsights_sitenote_category":0,"footnotes":""},"categories":[157],"tags":[31750,981],"class_list":["post-206866","post","type-post","status-publish","format-standard","has-post-thumbnail","hentry","category-nacional","tag-immex","tag-inegi","wp-image-borders"],"amp_enabled":true,"_links":{"self":[{"href":"https:\/\/nvnoticias.mx\/index.php\/wp-json\/wp\/v2\/posts\/206866","targetHints":{"allow":["GET"]}}],"collection":[{"href":"https:\/\/nvnoticias.mx\/index.php\/wp-json\/wp\/v2\/posts"}],"about":[{"href":"https:\/\/nvnoticias.mx\/index.php\/wp-json\/wp\/v2\/types\/post"}],"author":[{"embeddable":true,"href":"https:\/\/nvnoticias.mx\/index.php\/wp-json\/wp\/v2\/users\/35"}],"replies":[{"embeddable":true,"href":"https:\/\/nvnoticias.mx\/index.php\/wp-json\/wp\/v2\/comments?post=206866"}],"version-history":[{"count":4,"href":"https:\/\/nvnoticias.mx\/index.php\/wp-json\/wp\/v2\/posts\/206866\/revisions"}],"predecessor-version":[{"id":206871,"href":"https:\/\/nvnoticias.mx\/index.php\/wp-json\/wp\/v2\/posts\/206866\/revisions\/206871"}],"wp:featuredmedia":[{"embeddable":true,"href":"https:\/\/nvnoticias.mx\/index.php\/wp-json\/wp\/v2\/media\/206867"}],"wp:attachment":[{"href":"https:\/\/nvnoticias.mx\/index.php\/wp-json\/wp\/v2\/media?parent=206866"}],"wp:term":[{"taxonomy":"category","embeddable":true,"href":"https:\/\/nvnoticias.mx\/index.php\/wp-json\/wp\/v2\/categories?post=206866"},{"taxonomy":"post_tag","embeddable":true,"href":"https:\/\/nvnoticias.mx\/index.php\/wp-json\/wp\/v2\/tags?post=206866"}],"curies":[{"name":"wp","href":"https:\/\/api.w.org\/{rel}","templated":true}]}}