{"id":206846,"date":"2026-01-19T16:00:27","date_gmt":"2026-01-19T22:00:27","guid":{"rendered":"https:\/\/nvnoticias.mx\/?p=206846"},"modified":"2026-01-19T16:00:31","modified_gmt":"2026-01-19T22:00:31","slug":"valentin-herrera-asegura-entrega-recepcion-ordenada-y-transparente-en-salud","status":"publish","type":"post","link":"https:\/\/nvnoticias.mx\/index.php\/2026\/01\/19\/valentin-herrera-asegura-entrega-recepcion-ordenada-y-transparente-en-salud\/","title":{"rendered":"Valent\u00edn Herrera asegura entrega-recepci\u00f3n ordenada y transparente en Salud"},"content":{"rendered":"\n<p><\/p>\n\n\n\n<p><span style=\"background-color: rgba(0, 0, 0, 0.2);\"><b>Sa<\/b><\/span><strong>m Ojeda \/ NV Noticias<\/strong><\/p>\n\n\n\n<p>Xalapa.- El hasta hoy secretario de Salud de Veracruz, Valent\u00edn Herrera Alarc\u00f3n, afirm\u00f3 que el proceso de entrega-recepci\u00f3n en la dependencia se realizar\u00e1 con orden, transparencia y conforme a la ley, tras formalizar su renuncia al cargo ante la gobernadora Norma Roc\u00edo Nahle Garc\u00eda.<\/p>\n\n\n\n<p>El exfuncionario sostuvo que su salida no afectar\u00e1 la operaci\u00f3n del sistema estatal de salud ni la continuidad de los servicios m\u00e9dicos, programas y acciones en curso, al se\u00f1alar que la Secretar\u00eda mantiene su funcionamiento regular.<\/p>\n\n\n\n<p>Reiter\u00f3 que la transici\u00f3n administrativa se llevar\u00e1 a cabo con documentaci\u00f3n completa y apego a la normatividad vigente, a fin de garantizar certeza institucional.<\/p>\n\n\n\n<p>\u201cReitero mi compromiso de llevar a cabo una entrega-recepci\u00f3n transparente, documentada y conforme a la ley, garantizando certeza administrativa y continuidad operativa\u201d, se\u00f1al\u00f3.<\/p>\n\n\n\n<p>Herrera Alarc\u00f3n precis\u00f3 que su renuncia no obedece a observaciones administrativas, financieras ni de desempe\u00f1o, y que la decisi\u00f3n fue acordada con la gobernadora desde noviembre de 2025. Indic\u00f3 que continuar\u00e1 participando en otras tareas vinculadas a la salud p\u00fablica desde distintos espacios profesionales y acad\u00e9micos.<\/p>\n\n\n\n<p>Durante su mensaje, reconoci\u00f3 el trabajo del personal m\u00e9dico, de enfermer\u00eda, t\u00e9cnico y administrativo, as\u00ed como la coordinaci\u00f3n con instancias federales, municipales y acad\u00e9micas, lo que \u2014dijo\u2014 permiti\u00f3 mantener activos los programas estrat\u00e9gicos del sector.<\/p>\n\n\n\n<p>La Secretar\u00eda de Salud inform\u00f3 que los servicios, programas y estrategias contin\u00faan operando con normalidad, sin interrupciones, mientras se desarrolla el proceso de transici\u00f3n administrativa.<br><\/p>\n","protected":false},"excerpt":{"rendered":"<p>Sam Ojeda \/ NV Noticias Xalapa.- El hasta hoy secretario de Salud de Veracruz, Valent\u00edn Herrera Alarc\u00f3n, afirm\u00f3 que el proceso de entrega-recepci\u00f3n en la dependencia se realizar\u00e1 con orden, transparencia y conforme a la ley, tras formalizar su renuncia al cargo ante la gobernadora Norma Roc\u00edo Nahle Garc\u00eda. El exfuncionario sostuvo que su salida [&hellip;]<\/p>\n","protected":false},"author":8,"featured_media":181636,"comment_status":"open","ping_status":"open","sticky":false,"template":"","format":"standard","meta":{"_monsterinsights_skip_tracking":false,"_monsterinsights_sitenote_active":false,"_monsterinsights_sitenote_note":"","_monsterinsights_sitenote_category":0,"footnotes":""},"categories":[156],"tags":[1821,180],"class_list":["post-206846","post","type-post","status-publish","format-standard","has-post-thumbnail","hentry","category-estado","tag-secretaria-de-salud","tag-veracruz","wp-image-borders"],"amp_enabled":true,"_links":{"self":[{"href":"https:\/\/nvnoticias.mx\/index.php\/wp-json\/wp\/v2\/posts\/206846","targetHints":{"allow":["GET"]}}],"collection":[{"href":"https:\/\/nvnoticias.mx\/index.php\/wp-json\/wp\/v2\/posts"}],"about":[{"href":"https:\/\/nvnoticias.mx\/index.php\/wp-json\/wp\/v2\/types\/post"}],"author":[{"embeddable":true,"href":"https:\/\/nvnoticias.mx\/index.php\/wp-json\/wp\/v2\/users\/8"}],"replies":[{"embeddable":true,"href":"https:\/\/nvnoticias.mx\/index.php\/wp-json\/wp\/v2\/comments?post=206846"}],"version-history":[{"count":1,"href":"https:\/\/nvnoticias.mx\/index.php\/wp-json\/wp\/v2\/posts\/206846\/revisions"}],"predecessor-version":[{"id":206847,"href":"https:\/\/nvnoticias.mx\/index.php\/wp-json\/wp\/v2\/posts\/206846\/revisions\/206847"}],"wp:featuredmedia":[{"embeddable":true,"href":"https:\/\/nvnoticias.mx\/index.php\/wp-json\/wp\/v2\/media\/181636"}],"wp:attachment":[{"href":"https:\/\/nvnoticias.mx\/index.php\/wp-json\/wp\/v2\/media?parent=206846"}],"wp:term":[{"taxonomy":"category","embeddable":true,"href":"https:\/\/nvnoticias.mx\/index.php\/wp-json\/wp\/v2\/categories?post=206846"},{"taxonomy":"post_tag","embeddable":true,"href":"https:\/\/nvnoticias.mx\/index.php\/wp-json\/wp\/v2\/tags?post=206846"}],"curies":[{"name":"wp","href":"https:\/\/api.w.org\/{rel}","templated":true}]}}