{"id":206839,"date":"2026-01-19T15:53:21","date_gmt":"2026-01-19T21:53:21","guid":{"rendered":"https:\/\/nvnoticias.mx\/?p=206839"},"modified":"2026-01-19T15:53:26","modified_gmt":"2026-01-19T21:53:26","slug":"por-supuesta-falta-de-tomografo-fallece-menor-en-el-hospital-infantil","status":"publish","type":"post","link":"https:\/\/nvnoticias.mx\/index.php\/2026\/01\/19\/por-supuesta-falta-de-tomografo-fallece-menor-en-el-hospital-infantil\/","title":{"rendered":"Por supuesta falta de tom\u00f3grafo fallece menor en el Hospital Infantil"},"content":{"rendered":"\n<p><br><strong>Jes\u00fas Utrilla \/ NV Noticias <\/strong><\/p>\n\n\n\n<p><br>Un menor de alrededor de dos a\u00f1os de edad, internado en la Torre Pedi\u00e1trica de Veracruz, falleci\u00f3 la ma\u00f1ana del lunes luego de no recibir a tiempo un estudio de tomograf\u00eda, debido a que el hospital carece de tom\u00f3grafos en funcionamiento desde hace varios d\u00edas, denunciaron madres de pacientes oncol\u00f3gicos.<\/p>\n\n\n\n<p><br>De acuerdo con Leslie Janeth \u00c1lvarez, madre de un menor con c\u00e1ncer. El ni\u00f1o llevaba varios d\u00edas a la espera del estudio m\u00e9dico indispensable para su diagn\u00f3stico. La falta del procedimiento provoc\u00f3 que su estado de salud se agravara, hasta que convulsion\u00f3 cerca de las 8:00 de la ma\u00f1ana, cuando era trasladado para intentar realizarle la tomograf\u00eda.<\/p>\n\n\n\n<p><br>\u201cEl ni\u00f1o necesitaba la tomograf\u00eda desde hace una semana. Dec\u00edan que los tom\u00f3grafos no serv\u00edan y cuando por fin intentaron hac\u00e9rsela, ya era demasiado tarde. Convulsion\u00f3 en los brazos de su mam\u00e1 justo cuando lo iban a subir\u201d.<\/p>\n\n\n\n<p><br>La mujer exigi\u00f3 atenci\u00f3n inmediata para los pacientes de oncolog\u00eda y, en general, para todos los ni\u00f1os hospitalizados, al advertir que la falta de estudios, medicamentos e insumos pone en riesgo la vida de m\u00e1s menores.<\/p>\n\n\n\n<p><br>\u201cNo quiero que eso le pase a mi hijo ni a ning\u00fan otro ni\u00f1o. El c\u00e1ncer avanza r\u00e1pido y lo que pedimos es que no dejen de actuar, que las quimioterapias se surtan y que los estudios se hagan a tiempo\u201d.<\/p>\n\n\n\n<p><br>Rosal\u00eda Flores, originaria de San Andr\u00e9s Tuxtla, se\u00f1al\u00f3 que desde el 19 de diciembre permanece en el hospital a la espera de una cirug\u00eda para su hijo, la cual no se ha realizado por la falta de una placa de titanio. <\/p>\n\n\n\n<p>El menor presenta un tumor a un costado de la boca que ha crecido considerablemente, caus\u00e1ndole dolor, dificultad para dormir, sangrados y episodios de ahogamiento.<\/p>\n","protected":false},"excerpt":{"rendered":"<p>Jes\u00fas Utrilla \/ NV Noticias Un menor de alrededor de dos a\u00f1os de edad, internado en la Torre Pedi\u00e1trica de Veracruz, falleci\u00f3 la ma\u00f1ana del lunes luego de no recibir a tiempo un estudio de tomograf\u00eda, debido a que el hospital carece de tom\u00f3grafos en funcionamiento desde hace varios d\u00edas, denunciaron madres de pacientes oncol\u00f3gicos. [&hellip;]<\/p>\n","protected":false},"author":8,"featured_media":206841,"comment_status":"open","ping_status":"open","sticky":false,"template":"","format":"standard","meta":{"_monsterinsights_skip_tracking":false,"_monsterinsights_sitenote_active":false,"_monsterinsights_sitenote_note":"","_monsterinsights_sitenote_category":0,"footnotes":""},"categories":[154],"tags":[311,919,162,32935,10376],"class_list":["post-206839","post","type-post","status-publish","format-standard","has-post-thumbnail","hentry","category-veracruz","tag-muerte","tag-nino","tag-portada","tag-tomografo","tag-torre-pediatrica","wp-image-borders"],"amp_enabled":true,"_links":{"self":[{"href":"https:\/\/nvnoticias.mx\/index.php\/wp-json\/wp\/v2\/posts\/206839","targetHints":{"allow":["GET"]}}],"collection":[{"href":"https:\/\/nvnoticias.mx\/index.php\/wp-json\/wp\/v2\/posts"}],"about":[{"href":"https:\/\/nvnoticias.mx\/index.php\/wp-json\/wp\/v2\/types\/post"}],"author":[{"embeddable":true,"href":"https:\/\/nvnoticias.mx\/index.php\/wp-json\/wp\/v2\/users\/8"}],"replies":[{"embeddable":true,"href":"https:\/\/nvnoticias.mx\/index.php\/wp-json\/wp\/v2\/comments?post=206839"}],"version-history":[{"count":1,"href":"https:\/\/nvnoticias.mx\/index.php\/wp-json\/wp\/v2\/posts\/206839\/revisions"}],"predecessor-version":[{"id":206842,"href":"https:\/\/nvnoticias.mx\/index.php\/wp-json\/wp\/v2\/posts\/206839\/revisions\/206842"}],"wp:featuredmedia":[{"embeddable":true,"href":"https:\/\/nvnoticias.mx\/index.php\/wp-json\/wp\/v2\/media\/206841"}],"wp:attachment":[{"href":"https:\/\/nvnoticias.mx\/index.php\/wp-json\/wp\/v2\/media?parent=206839"}],"wp:term":[{"taxonomy":"category","embeddable":true,"href":"https:\/\/nvnoticias.mx\/index.php\/wp-json\/wp\/v2\/categories?post=206839"},{"taxonomy":"post_tag","embeddable":true,"href":"https:\/\/nvnoticias.mx\/index.php\/wp-json\/wp\/v2\/tags?post=206839"}],"curies":[{"name":"wp","href":"https:\/\/api.w.org\/{rel}","templated":true}]}}