{"id":206814,"date":"2026-01-19T14:27:16","date_gmt":"2026-01-19T20:27:16","guid":{"rendered":"https:\/\/nvnoticias.mx\/?p=206814"},"modified":"2026-01-19T14:27:21","modified_gmt":"2026-01-19T20:27:21","slug":"primer-ministro-de-noruega-contesta-a-trump","status":"publish","type":"post","link":"https:\/\/nvnoticias.mx\/index.php\/2026\/01\/19\/primer-ministro-de-noruega-contesta-a-trump\/","title":{"rendered":"Primer ministro de Noruega contesta a Trump"},"content":{"rendered":"\n<p>El primer ministro de Noruega, Jonas Gahr St\u00f8rem, reiter\u00f3 sus posturas de que &#8220;Groenlandia forma parte del Reino de Dinamarca&#8221;, y que su gobierno no otorga el Premio Nobel de la Paz, luego que el presidente estadunidense Donald Trump le enviara una carta donde le expres\u00f3 ya no sentirse obligado a &#8220;pensar s\u00f3lo en la paz&#8221;, luego de que no se le otorg\u00f3 dicho galard\u00f3n.&nbsp;<\/p>\n\n\n\n<p>&#8220;He explicado claramente, incluso al presidente Trump, lo que es bien sabido: el premio lo otorga un Comit\u00e9 Nobel independiente y no el Gobierno noruego\u00bb, declar\u00f3 Gahr.\u00a0<br><\/p>\n\n\n\n<p>Sobre la carta de Trump, el primer ministro detall\u00f3 que entre Noruega y el primer ministro de Finlandia, Alexander Stubb, hicieron saber al magnate americano su rechazo a los aumentos arancelarios contra sus naciones.&nbsp;<\/p>\n\n\n\n<p>&#8220;Se\u00f1alamos la necesidad de reducir la tensi\u00f3n y propusimos una conversaci\u00f3n telef\u00f3nica entre Trump, Stubb y yo ese mismo d\u00eda.<em>\u00a0<\/em>La respuesta de Trump lleg\u00f3 poco despu\u00e9s de enviar el mensaje. Fue su decisi\u00f3n compartir su mensaje con otros l\u00edderes de la OTAN\u00bb, detall\u00f3 el primer ministro noruego en un comunicado.\u00a0<br><\/p>\n\n\n\n<p>Fuente: La <a href=\"https:\/\/www.jornada.com.mx\/noticia\/2026\/01\/19\/mundo\/primer-ministro-de-noruega-contesta-a-trump-groenlandia-es-parte-de-dinamarca-y-el-nobel-no-lo-da-nuestro-gobierno\">Jornada<\/a> <\/p>\n","protected":false},"excerpt":{"rendered":"<p>El primer ministro de Noruega, Jonas Gahr St\u00f8rem, reiter\u00f3 sus posturas de que &#8220;Groenlandia forma parte del Reino de Dinamarca&#8221;, y que su gobierno no otorga el Premio Nobel de la Paz, luego que el presidente estadunidense Donald Trump le enviara una carta donde le expres\u00f3 ya no sentirse obligado a &#8220;pensar s\u00f3lo en la [&hellip;]<\/p>\n","protected":false},"author":35,"featured_media":206818,"comment_status":"open","ping_status":"open","sticky":false,"template":"","format":"standard","meta":{"_monsterinsights_skip_tracking":false,"_monsterinsights_sitenote_active":false,"_monsterinsights_sitenote_note":"","_monsterinsights_sitenote_category":0,"footnotes":""},"categories":[181],"tags":[230,489],"class_list":["post-206814","post","type-post","status-publish","format-standard","has-post-thumbnail","hentry","category-internacional","tag-donald-trump","tag-noruega","wp-image-borders"],"amp_enabled":true,"_links":{"self":[{"href":"https:\/\/nvnoticias.mx\/index.php\/wp-json\/wp\/v2\/posts\/206814","targetHints":{"allow":["GET"]}}],"collection":[{"href":"https:\/\/nvnoticias.mx\/index.php\/wp-json\/wp\/v2\/posts"}],"about":[{"href":"https:\/\/nvnoticias.mx\/index.php\/wp-json\/wp\/v2\/types\/post"}],"author":[{"embeddable":true,"href":"https:\/\/nvnoticias.mx\/index.php\/wp-json\/wp\/v2\/users\/35"}],"replies":[{"embeddable":true,"href":"https:\/\/nvnoticias.mx\/index.php\/wp-json\/wp\/v2\/comments?post=206814"}],"version-history":[{"count":4,"href":"https:\/\/nvnoticias.mx\/index.php\/wp-json\/wp\/v2\/posts\/206814\/revisions"}],"predecessor-version":[{"id":206819,"href":"https:\/\/nvnoticias.mx\/index.php\/wp-json\/wp\/v2\/posts\/206814\/revisions\/206819"}],"wp:featuredmedia":[{"embeddable":true,"href":"https:\/\/nvnoticias.mx\/index.php\/wp-json\/wp\/v2\/media\/206818"}],"wp:attachment":[{"href":"https:\/\/nvnoticias.mx\/index.php\/wp-json\/wp\/v2\/media?parent=206814"}],"wp:term":[{"taxonomy":"category","embeddable":true,"href":"https:\/\/nvnoticias.mx\/index.php\/wp-json\/wp\/v2\/categories?post=206814"},{"taxonomy":"post_tag","embeddable":true,"href":"https:\/\/nvnoticias.mx\/index.php\/wp-json\/wp\/v2\/tags?post=206814"}],"curies":[{"name":"wp","href":"https:\/\/api.w.org\/{rel}","templated":true}]}}