{"id":206777,"date":"2026-01-19T11:50:41","date_gmt":"2026-01-19T17:50:41","guid":{"rendered":"https:\/\/nvnoticias.mx\/?p=206777"},"modified":"2026-01-19T11:50:50","modified_gmt":"2026-01-19T17:50:50","slug":"sheinbaum-reacciona-a-guerra-de-aranceles-entre-eu-y-la-ue-por-groenlandia","status":"publish","type":"post","link":"https:\/\/nvnoticias.mx\/index.php\/2026\/01\/19\/sheinbaum-reacciona-a-guerra-de-aranceles-entre-eu-y-la-ue-por-groenlandia\/","title":{"rendered":"Sheinbaum reacciona a \u2018guerra de aranceles\u2019 entre EU y la UE por Groenlandia"},"content":{"rendered":"\n<p>Al ser cuestionada sobre la nueva \u2018guerra de aranceles\u2019 entre Estados Unidos y la Uni\u00f3n Europea por Groenlandia, la presidenta Sheinbaum exigi\u00f3 a su hom\u00f3logo Donald Trump que siempre haya respeto a la soberan\u00eda de cualquier territorio.<\/p>\n\n\n\n<p>\u201cSiempre va a ser la misma petici\u00f3n:&nbsp;<strong>soberan\u00eda de los pueblos<\/strong>. Es nuestra Constituci\u00f3n y lo vamos a pedir siempre\u201d, agreg\u00f3 la mandataria.&nbsp;<\/p>\n\n\n\n<p>Lo anterior, luego de que Trump anunci\u00f3 aranceles a pa\u00edses aliados de Groenlandia, por lo que Europa analiza represalias comerciales, aunque dar\u00e1n tiempo a EU para que reflexione.<\/p>\n\n\n\n<p>Trump amenaz\u00f3 con imponer aranceles del 10 por ciento\u00a0desde el\u00a0<strong>1 de febrero<\/strong>\u00a0a los productos de Alemania, Francia, Reino Unido, Suecia, Noruega, Pa\u00edses Bajos, Finlandia y Dinamarca, miembros de la OTAN que hab\u00edan enviado tropas a Groenlandia.<\/p>\n\n\n\n<p>Fuente: El <a href=\"https:\/\/www.elfinanciero.com.mx\/nacional\/2026\/01\/19\/claudia-sheinbaum-mananera-temas-hoy-19-de-enero-de-2026-en-vivo\/\">Financiero<\/a><\/p>\n","protected":false},"excerpt":{"rendered":"<p>Al ser cuestionada sobre la nueva \u2018guerra de aranceles\u2019 entre Estados Unidos y la Uni\u00f3n Europea por Groenlandia, la presidenta Sheinbaum exigi\u00f3 a su hom\u00f3logo Donald Trump que siempre haya respeto a la soberan\u00eda de cualquier territorio. \u201cSiempre va a ser la misma petici\u00f3n:&nbsp;soberan\u00eda de los pueblos. Es nuestra Constituci\u00f3n y lo vamos a pedir [&hellip;]<\/p>\n","protected":false},"author":35,"featured_media":206782,"comment_status":"open","ping_status":"open","sticky":false,"template":"","format":"standard","meta":{"_monsterinsights_skip_tracking":false,"_monsterinsights_sitenote_active":false,"_monsterinsights_sitenote_note":"","_monsterinsights_sitenote_category":0,"footnotes":""},"categories":[157],"tags":[2801,183,2670],"class_list":["post-206777","post","type-post","status-publish","format-standard","has-post-thumbnail","hentry","category-nacional","tag-claudia-sheinbaum","tag-estados-unidos","tag-union-europea","wp-image-borders"],"amp_enabled":true,"_links":{"self":[{"href":"https:\/\/nvnoticias.mx\/index.php\/wp-json\/wp\/v2\/posts\/206777","targetHints":{"allow":["GET"]}}],"collection":[{"href":"https:\/\/nvnoticias.mx\/index.php\/wp-json\/wp\/v2\/posts"}],"about":[{"href":"https:\/\/nvnoticias.mx\/index.php\/wp-json\/wp\/v2\/types\/post"}],"author":[{"embeddable":true,"href":"https:\/\/nvnoticias.mx\/index.php\/wp-json\/wp\/v2\/users\/35"}],"replies":[{"embeddable":true,"href":"https:\/\/nvnoticias.mx\/index.php\/wp-json\/wp\/v2\/comments?post=206777"}],"version-history":[{"count":4,"href":"https:\/\/nvnoticias.mx\/index.php\/wp-json\/wp\/v2\/posts\/206777\/revisions"}],"predecessor-version":[{"id":206781,"href":"https:\/\/nvnoticias.mx\/index.php\/wp-json\/wp\/v2\/posts\/206777\/revisions\/206781"}],"wp:featuredmedia":[{"embeddable":true,"href":"https:\/\/nvnoticias.mx\/index.php\/wp-json\/wp\/v2\/media\/206782"}],"wp:attachment":[{"href":"https:\/\/nvnoticias.mx\/index.php\/wp-json\/wp\/v2\/media?parent=206777"}],"wp:term":[{"taxonomy":"category","embeddable":true,"href":"https:\/\/nvnoticias.mx\/index.php\/wp-json\/wp\/v2\/categories?post=206777"},{"taxonomy":"post_tag","embeddable":true,"href":"https:\/\/nvnoticias.mx\/index.php\/wp-json\/wp\/v2\/tags?post=206777"}],"curies":[{"name":"wp","href":"https:\/\/api.w.org\/{rel}","templated":true}]}}