{"id":206737,"date":"2026-01-19T10:18:09","date_gmt":"2026-01-19T16:18:09","guid":{"rendered":"https:\/\/nvnoticias.mx\/?p=206737"},"modified":"2026-01-19T10:18:13","modified_gmt":"2026-01-19T16:18:13","slug":"la-salud-mental-el-punto-ciego-de-la-agenda-2030","status":"publish","type":"post","link":"https:\/\/nvnoticias.mx\/index.php\/2026\/01\/19\/la-salud-mental-el-punto-ciego-de-la-agenda-2030\/","title":{"rendered":"La salud mental el punto ciego de la Agenda 2030"},"content":{"rendered":"\n<p><\/p>\n\n\n\n<p><\/p>\n\n\n\n<div class=\"wp-block-group\"><div class=\"wp-block-group__inner-container is-layout-constrained wp-block-group-is-layout-constrained\">\n<p>Alguien como t\u00fa.<\/p>\n\n\n\n<p><strong>Gladys P\u00e9rez Maldonado.<\/strong><\/p>\n<\/div><\/div>\n\n\n\n<p>Se suele hablar de desarrollo sostenible en t\u00e9rminos de infraestructura, econom\u00eda verde, diplomacia internacional y estad\u00edsticas de pobreza. Pocas veces se habla de emociones, de tristeza, de miedo, de ansiedad, de agotamiento. Sin embargo, la salud mental se ha convertido en la se\u00f1al m\u00e1s clara del desgaste social contempor\u00e1neo. La Agenda 2030, tan ambiciosa como compleja, ya no puede seguir ignorando ese s\u00edntoma, si los Estados no colocan el bienestar emocional al centro, el desarrollo sostenible ser\u00e1 un concepto vac\u00edo.<\/p>\n\n\n\n<p>La inclusi\u00f3n de la salud mental dentro del Objetivo de Desarrollo Sostenible (ODS) Salud y Bienestar (3) fue el punto de partida. Pero la inclusi\u00f3n formal no basta. En la realidad pol\u00edtica, la salud mental contin\u00faa siendo el pariente pobre del sistema de salud, poco presupuesto, poca prevenci\u00f3n, escaso personal, y una cultura que sigue asoci\u00e1ndola con debilidad o <em>problemas personales<\/em>, como si el sufrimiento ps\u00edquico no tuviera ra\u00edces colectivas.<\/p>\n\n\n\n<p>Los \u00faltimos a\u00f1os confirmaron el giro hist\u00f3rico. La pandemia, la precariedad laboral, la hiperexigencia productiva y la saturaci\u00f3n digital produjeron una generaci\u00f3n entera que vive entre la ansiedad y el cansancio. No hablamos de casos aislados; hablamos de una experiencia epocal. Incluso organismos internacionales han reconocido que la crisis de salud mental afecta especialmente a mujeres, j\u00f3venes y trabajadores del sector cuidado y sanitario. A la par, la violencia y la desigualdad, dos constantes del mundo contempor\u00e1neo, operan como detonantes psicol\u00f3gicos permanentes, alimentando el estr\u00e9s, la inseguridad y la frustraci\u00f3n.<\/p>\n\n\n\n<p>Aqu\u00ed aparece un dato inc\u00f3modo, la salud mental es profundamente pol\u00edtica. Se puede hablar de meditaci\u00f3n, de autocuidado o de h\u00e1bitos saludables y todo suma, pero nada de eso sustituye la necesidad de pol\u00edticas p\u00fablicas que reduzcan las causas estructurales del sufrimiento. El estr\u00e9s causado por la incertidumbre econ\u00f3mica, la falta de oportunidades, la carga mental en el hogar, la violencia de g\u00e9nero o el miedo al futuro no se resuelve con consejos motivacionales. Se resuelve con redistribuci\u00f3n, derechos, cuidado y Estado.<\/p>\n\n\n\n<p>La Agenda 2030 propone esa mirada integral, aunque a\u00fan t\u00edmida. Si se observa con detenimiento, la salud mental atraviesa casi todos los ODS: pobreza (1), educaci\u00f3n (4), igualdad de g\u00e9nero (5), trabajo decente (8), reducci\u00f3n de desigualdades (10) y paz e instituciones s\u00f3lidas (16). No es casual. Son precisamente esos frentes donde se juega el equilibrio psicol\u00f3gico colectivo. Una sociedad desigual no puede ser una sociedad emocionalmente sana. Un pa\u00eds donde las mujeres cargan doble o triple jornada, productiva, dom\u00e9stica y emocional, no puede hablar de bienestar. Un Estado que tolera violencia e impunidad no puede pedirle a su poblaci\u00f3n resiliencia.<\/p>\n\n\n\n<p>Para muchas naciones, incluido M\u00e9xico, la discusi\u00f3n es m\u00e1s urgente. La vida cotidiana est\u00e1 marcada por tensiones que impactan directamente el \u00e1nimo como la &nbsp;inseguridad, inflaci\u00f3n, falta de servicios de cuidado, informalidad laboral, violencia machista y cambios sociopol\u00edticos que generan incertidumbre. El discurso p\u00fablico todav\u00eda coloca la salud mental como tema personal o cl\u00ednico, cuando en realidad deber\u00eda ser uno de los indicadores base de cualquier agenda de desarrollo.<\/p>\n\n\n\n<p>El otro gran ausente es el cuidado. La salud mental es uno de los argumentos m\u00e1s s\u00f3lidos para impulsar un sistema nacional de cuidados. El desgaste emocional no es una excepci\u00f3n, es la norma para millones de mujeres que sostienen la vida cotidiana. Reconocerlo es politizar el malestar, y politizar el malestar es el primer paso para transformarlo. La Agenda 2030 abre la puerta, pero los Estados deben atreverse a cruzarla.<\/p>\n\n\n\n<p>Queda poco tiempo para 2030 y, aunque la arquitectura multilateral es lenta, el debate social avanza m\u00e1s r\u00e1pido que la burocracia internacional. La nueva generaci\u00f3n habla de ansiedad sin verg\u00fcenza, exige descanso, cuestiona la cultura del rendimiento, denuncia violencias y pide cuidado. Eso tambi\u00e9n es desarrollo sostenible. Tal vez no en el lenguaje t\u00e9cnico de los informes, pero s\u00ed en el de la vida real.<\/p>\n\n\n\n<p>El gran desaf\u00edo para los pr\u00f3ximos a\u00f1os ser\u00e1 asumir que la salud mental no es un asunto <em>suave<\/em> ni secundario. Es un criterio democr\u00e1tico, sociedades emocionalmente devastadas no pueden sostener sus instituciones, ni su econom\u00eda, ni su convivencia. Invertir en salud mental no es gasto, es infraestructura humana. Y la infraestructura humana define, en buena medida, si la Agenda 2030 ser\u00e1 una promesa incumplida o una transformaci\u00f3n verdadera\u2026<\/p>\n","protected":false},"excerpt":{"rendered":"<p>Alguien como t\u00fa. Gladys P\u00e9rez Maldonado. Se suele hablar de desarrollo sostenible en t\u00e9rminos de infraestructura, econom\u00eda verde, diplomacia internacional y estad\u00edsticas de pobreza. Pocas veces se habla de emociones, de tristeza, de miedo, de ansiedad, de agotamiento. Sin embargo, la salud mental se ha convertido en la se\u00f1al m\u00e1s clara del desgaste social contempor\u00e1neo. [&hellip;]<\/p>\n","protected":false},"author":45,"featured_media":206742,"comment_status":"open","ping_status":"open","sticky":false,"template":"","format":"standard","meta":{"_monsterinsights_skip_tracking":false,"_monsterinsights_sitenote_active":false,"_monsterinsights_sitenote_note":"","_monsterinsights_sitenote_category":0,"footnotes":""},"categories":[15405],"tags":[15415],"class_list":["post-206737","post","type-post","status-publish","format-standard","has-post-thumbnail","hentry","category-alguien-como-tu","tag-gladys-perez-maldonado","wp-image-borders"],"amp_enabled":true,"_links":{"self":[{"href":"https:\/\/nvnoticias.mx\/index.php\/wp-json\/wp\/v2\/posts\/206737","targetHints":{"allow":["GET"]}}],"collection":[{"href":"https:\/\/nvnoticias.mx\/index.php\/wp-json\/wp\/v2\/posts"}],"about":[{"href":"https:\/\/nvnoticias.mx\/index.php\/wp-json\/wp\/v2\/types\/post"}],"author":[{"embeddable":true,"href":"https:\/\/nvnoticias.mx\/index.php\/wp-json\/wp\/v2\/users\/45"}],"replies":[{"embeddable":true,"href":"https:\/\/nvnoticias.mx\/index.php\/wp-json\/wp\/v2\/comments?post=206737"}],"version-history":[{"count":1,"href":"https:\/\/nvnoticias.mx\/index.php\/wp-json\/wp\/v2\/posts\/206737\/revisions"}],"predecessor-version":[{"id":206745,"href":"https:\/\/nvnoticias.mx\/index.php\/wp-json\/wp\/v2\/posts\/206737\/revisions\/206745"}],"wp:featuredmedia":[{"embeddable":true,"href":"https:\/\/nvnoticias.mx\/index.php\/wp-json\/wp\/v2\/media\/206742"}],"wp:attachment":[{"href":"https:\/\/nvnoticias.mx\/index.php\/wp-json\/wp\/v2\/media?parent=206737"}],"wp:term":[{"taxonomy":"category","embeddable":true,"href":"https:\/\/nvnoticias.mx\/index.php\/wp-json\/wp\/v2\/categories?post=206737"},{"taxonomy":"post_tag","embeddable":true,"href":"https:\/\/nvnoticias.mx\/index.php\/wp-json\/wp\/v2\/tags?post=206737"}],"curies":[{"name":"wp","href":"https:\/\/api.w.org\/{rel}","templated":true}]}}