{"id":206677,"date":"2026-01-18T12:31:39","date_gmt":"2026-01-18T18:31:39","guid":{"rendered":"https:\/\/nvnoticias.mx\/?p=206677"},"modified":"2026-01-18T12:31:43","modified_gmt":"2026-01-18T18:31:43","slug":"realizan-censo-de-graderos-del-carnaval-de-veracruz","status":"publish","type":"post","link":"https:\/\/nvnoticias.mx\/index.php\/2026\/01\/18\/realizan-censo-de-graderos-del-carnaval-de-veracruz\/","title":{"rendered":"Realizan censo de graderos del Carnaval de Veracruz"},"content":{"rendered":"\n<p><\/p>\n\n\n\n<p><strong>Jes\u00fas Utrilla &#8211; NV Noticias<\/strong><\/p>\n\n\n\n<p>El Ayuntamiento de Veracruz inici\u00f3 el censo de graderos como parte del proceso de ordenamiento previo al Carnaval, con el objetivo de regularizar a quienes ya contaban con estructuras en a\u00f1os anteriores y detectar posibles irregularidades heredadas de administraciones pasadas.<\/p>\n\n\n\n<p>Daniel Mart\u00edn Lois, director de Turismo y Carnaval de Veracruz, explic\u00f3 que este procedimiento se mantendr\u00e1 activo hasta el pr\u00f3ximo mi\u00e9rcoles, exclusivamente para los propietarios de gradas que ya ven\u00edan participando en ediciones anteriores, quienes deber\u00e1n presentar su contrato o comprobante del a\u00f1o pasado.<\/p>\n\n\n\n<blockquote class=\"wp-block-quote is-layout-flow wp-block-quote-is-layout-flow\">\n<p>\u201cIniciamos el censo de graderos porque hay ciertas anomal\u00edas y una duplicidad de informaci\u00f3n que no nos deja muy claro el padr\u00f3n. Recordemos que no heredamos mucha informaci\u00f3n de la administraci\u00f3n anterior, por eso estamos realizando este censo para tener orden alrededor de las gradas y poder tomar decisiones\u201d.<\/p>\n<\/blockquote>\n\n\n\n<p>Por el momento, el proceso no contempla a nuevos solicitantes y con base en los resultados del censo, se determinar\u00e1 si existen espacios disponibles para abrir posteriormente un registro adicional. Asimismo, precis\u00f3 que los costos a\u00fan no est\u00e1n definidos, ya que deber\u00e1n ser sometidos a la aprobaci\u00f3n del Cabildo, aunque adelant\u00f3 que la propuesta ser\u00e1 menor a la de a\u00f1os anteriores.<\/p>\n\n\n\n<blockquote class=\"wp-block-quote is-layout-flow wp-block-quote-is-layout-flow\">\n<p>\u201cTodav\u00eda no se define cu\u00e1nto van a costar las gradas, eso pasa por Cabildo, pero la propuesta que se est\u00e1 metiendo es bastante inferior a la de otros a\u00f1os. Por ahora es \u00fanicamente un censo, sin ninguna preocupaci\u00f3n para los graderos\u201d.<\/p>\n<\/blockquote>\n\n\n\n<p>En paralelo, el Ayuntamiento de Veracruz mantiene una agenda de actividades como parte del preludio del Carnaval, que incluye talleres de samba y batucada, as\u00ed como eventos con causa, como la Expo Adopta de Mascotas que se realizar\u00e1 en el Parque del Mundito, adem\u00e1s del programa \u201cCarnaval en tu colonia\u201d, que este fin de semana llegar\u00e1 a la zona de Amapolas con desfile, comparsas y presentaciones musicales.<\/p>\n\n\n\n<p>Record\u00f3 que el Carnaval de Veracruz ya dio inicio con las actividades previas y que la celebraci\u00f3n principal se desarrollar\u00e1 del 10 al 18, consolid\u00e1ndose como la fiesta m\u00e1s importante y representativa del estado.<\/p>\n","protected":false},"excerpt":{"rendered":"<p>Jes\u00fas Utrilla &#8211; NV Noticias El Ayuntamiento de Veracruz inici\u00f3 el censo de graderos como parte del proceso de ordenamiento previo al Carnaval, con el objetivo de regularizar a quienes ya contaban con estructuras en a\u00f1os anteriores y detectar posibles irregularidades heredadas de administraciones pasadas. Daniel Mart\u00edn Lois, director de Turismo y Carnaval de Veracruz, [&hellip;]<\/p>\n","protected":false},"author":6,"featured_media":206679,"comment_status":"open","ping_status":"open","sticky":false,"template":"","format":"standard","meta":{"_monsterinsights_skip_tracking":false,"_monsterinsights_sitenote_active":false,"_monsterinsights_sitenote_note":"","_monsterinsights_sitenote_category":0,"footnotes":""},"categories":[154],"tags":[1138,16796],"class_list":["post-206677","post","type-post","status-publish","format-standard","has-post-thumbnail","hentry","category-veracruz","tag-carnaval-de-veracruz","tag-graderos","wp-image-borders"],"amp_enabled":true,"_links":{"self":[{"href":"https:\/\/nvnoticias.mx\/index.php\/wp-json\/wp\/v2\/posts\/206677","targetHints":{"allow":["GET"]}}],"collection":[{"href":"https:\/\/nvnoticias.mx\/index.php\/wp-json\/wp\/v2\/posts"}],"about":[{"href":"https:\/\/nvnoticias.mx\/index.php\/wp-json\/wp\/v2\/types\/post"}],"author":[{"embeddable":true,"href":"https:\/\/nvnoticias.mx\/index.php\/wp-json\/wp\/v2\/users\/6"}],"replies":[{"embeddable":true,"href":"https:\/\/nvnoticias.mx\/index.php\/wp-json\/wp\/v2\/comments?post=206677"}],"version-history":[{"count":1,"href":"https:\/\/nvnoticias.mx\/index.php\/wp-json\/wp\/v2\/posts\/206677\/revisions"}],"predecessor-version":[{"id":206680,"href":"https:\/\/nvnoticias.mx\/index.php\/wp-json\/wp\/v2\/posts\/206677\/revisions\/206680"}],"wp:featuredmedia":[{"embeddable":true,"href":"https:\/\/nvnoticias.mx\/index.php\/wp-json\/wp\/v2\/media\/206679"}],"wp:attachment":[{"href":"https:\/\/nvnoticias.mx\/index.php\/wp-json\/wp\/v2\/media?parent=206677"}],"wp:term":[{"taxonomy":"category","embeddable":true,"href":"https:\/\/nvnoticias.mx\/index.php\/wp-json\/wp\/v2\/categories?post=206677"},{"taxonomy":"post_tag","embeddable":true,"href":"https:\/\/nvnoticias.mx\/index.php\/wp-json\/wp\/v2\/tags?post=206677"}],"curies":[{"name":"wp","href":"https:\/\/api.w.org\/{rel}","templated":true}]}}