{"id":206652,"date":"2026-01-18T11:07:03","date_gmt":"2026-01-18T17:07:03","guid":{"rendered":"https:\/\/nvnoticias.mx\/?p=206652"},"modified":"2026-01-18T11:07:07","modified_gmt":"2026-01-18T17:07:07","slug":"amapolas-se-lleno-de-ritmo-y-fiesta-con-el-carnavalito-en-tu-colonia","status":"publish","type":"post","link":"https:\/\/nvnoticias.mx\/index.php\/2026\/01\/18\/amapolas-se-lleno-de-ritmo-y-fiesta-con-el-carnavalito-en-tu-colonia\/","title":{"rendered":"Amapolas se llen\u00f3 de ritmo y fiesta con el \u201cCarnavalito en tu Colonia\u201d"},"content":{"rendered":"\n<p><\/p>\n\n\n\n<p>La alegr\u00eda, el color y la diversi\u00f3n se vivieron en la colonia Amapolas durante el primer Carnavalito en tu Colonia, una celebraci\u00f3n encabezada por la Corte Real electa del Carnaval de Veracruz 2026, que reuni\u00f3 a miles de personas en un ambiente festivo y completamente familiar.<\/p>\n\n\n\n<p>Durante el recorrido, vecinas y vecinos de la zona disfrutaron del desfile en el que participaron agrupaciones como las Bastoneras de Alejandra, Batucadas<br>Tradiciones de Brasil, la comparsa Ritmo Salsa y Sabor, as\u00ed como el majestuoso<br>carro aleg\u00f3rico de la Corte Real, llenando las calles de m\u00fasica y tradici\u00f3n.<\/p>\n\n\n\n<p>La presidenta municipal de Veracruz, Rosa Mar\u00eda Hern\u00e1ndez Espejo, acompa\u00f1\u00f3<br>esta celebraci\u00f3n junto a autoridades municipales, compartiendo con las familias asistentes una jornada que destac\u00f3 por su organizaci\u00f3n y ambiente seguro.<\/p>\n\n\n\n<p>Al concluir el desfile, la fiesta continu\u00f3 en el parque Malibr\u00e1n, donde el cantante<br>Mario Polo ofreci\u00f3 una presentaci\u00f3n musical que puso el broche final a esta<br>primera edici\u00f3n del Carnavalito en tu Colonia. <\/p>\n\n\n\n<p>De esta manera, el municipio de Veracruz comienza a vivir el Carnaval de<br>Veracruz 2026, \u201cLa Fiesta de Todos\u201d, en su edici\u00f3n n\u00famero 102, que recupera su<br>calendario tradicional previo a la Cuaresma y se celebrar\u00e1 del 10 al 18 de febrero.<\/p>\n","protected":false},"excerpt":{"rendered":"<p>La alegr\u00eda, el color y la diversi\u00f3n se vivieron en la colonia Amapolas durante el primer Carnavalito en tu Colonia, una celebraci\u00f3n encabezada por la Corte Real electa del Carnaval de Veracruz 2026, que reuni\u00f3 a miles de personas en un ambiente festivo y completamente familiar. Durante el recorrido, vecinas y vecinos de la zona [&hellip;]<\/p>\n","protected":false},"author":6,"featured_media":206653,"comment_status":"open","ping_status":"open","sticky":false,"template":"","format":"standard","meta":{"_monsterinsights_skip_tracking":false,"_monsterinsights_sitenote_active":false,"_monsterinsights_sitenote_note":"","_monsterinsights_sitenote_category":0,"footnotes":""},"categories":[154],"tags":[9199,6866],"class_list":["post-206652","post","type-post","status-publish","format-standard","has-post-thumbnail","hentry","category-veracruz","tag-amapolas","tag-carnaval","wp-image-borders"],"amp_enabled":true,"_links":{"self":[{"href":"https:\/\/nvnoticias.mx\/index.php\/wp-json\/wp\/v2\/posts\/206652","targetHints":{"allow":["GET"]}}],"collection":[{"href":"https:\/\/nvnoticias.mx\/index.php\/wp-json\/wp\/v2\/posts"}],"about":[{"href":"https:\/\/nvnoticias.mx\/index.php\/wp-json\/wp\/v2\/types\/post"}],"author":[{"embeddable":true,"href":"https:\/\/nvnoticias.mx\/index.php\/wp-json\/wp\/v2\/users\/6"}],"replies":[{"embeddable":true,"href":"https:\/\/nvnoticias.mx\/index.php\/wp-json\/wp\/v2\/comments?post=206652"}],"version-history":[{"count":1,"href":"https:\/\/nvnoticias.mx\/index.php\/wp-json\/wp\/v2\/posts\/206652\/revisions"}],"predecessor-version":[{"id":206654,"href":"https:\/\/nvnoticias.mx\/index.php\/wp-json\/wp\/v2\/posts\/206652\/revisions\/206654"}],"wp:featuredmedia":[{"embeddable":true,"href":"https:\/\/nvnoticias.mx\/index.php\/wp-json\/wp\/v2\/media\/206653"}],"wp:attachment":[{"href":"https:\/\/nvnoticias.mx\/index.php\/wp-json\/wp\/v2\/media?parent=206652"}],"wp:term":[{"taxonomy":"category","embeddable":true,"href":"https:\/\/nvnoticias.mx\/index.php\/wp-json\/wp\/v2\/categories?post=206652"},{"taxonomy":"post_tag","embeddable":true,"href":"https:\/\/nvnoticias.mx\/index.php\/wp-json\/wp\/v2\/tags?post=206652"}],"curies":[{"name":"wp","href":"https:\/\/api.w.org\/{rel}","templated":true}]}}