{"id":206598,"date":"2026-01-17T12:08:27","date_gmt":"2026-01-17T18:08:27","guid":{"rendered":"https:\/\/nvnoticias.mx\/?p=206598"},"modified":"2026-01-17T12:08:31","modified_gmt":"2026-01-17T18:08:31","slug":"firman-ue-y-mercosur-tratado-que-crea-la-mayor-zona-de-libre-comercio-del-mundo","status":"publish","type":"post","link":"https:\/\/nvnoticias.mx\/index.php\/2026\/01\/17\/firman-ue-y-mercosur-tratado-que-crea-la-mayor-zona-de-libre-comercio-del-mundo\/","title":{"rendered":"Firman UE y Mercosur tratado que crea la mayor zona de libre comercio del mundo"},"content":{"rendered":"\n<p><\/p>\n\n\n\n<p>La presidenta de la Comisi\u00f3n Europea,\u00a0<strong>Ursula von der Leyen<\/strong>, defendi\u00f3 que la firma del acuerdo de\u00a0<strong>libre comercio<\/strong>\u00a0entre la\u00a0<strong>Uni\u00f3n Europea<\/strong>\u00a0(<strong>UE<\/strong>) y los pa\u00edses del\u00a0<strong>Mercosur<\/strong>\u00a0manda una se\u00f1al &#8220;contundente&#8221; al mundo, al elegir el &#8220;comercio justo frente a los\u00a0<strong>aranceles<\/strong>&#8221; y &#8220;el\u00a0<strong>aislamiento<\/strong>&#8220;.<\/p>\n\n\n\n<blockquote class=\"wp-block-quote is-layout-flow wp-block-quote-is-layout-flow\">\n<p>&#8220;Refleja una elecci\u00f3n clara y deliberada: elegimos el comercio justo frente a los\u00a0<strong>aranceles<\/strong>; elegimos una asociaci\u00f3n de largo plazo frente al aislamiento; y, sobre todo, queremos ofrecer beneficios reales y tangibles a nuestras sociedades y empresas&#8221;, dijo Von der Leyen en la ceremonia de la firma del acuerdo, en la sede del\u00a0<strong>Banco Central de Paraguay<\/strong>.<\/p>\n<\/blockquote>\n\n\n\n<p>La jefa de la Comisi\u00f3n Europea destac\u00f3 que el\u00a0<strong>tratado\u00a0<\/strong>crear\u00e1 &#8220;la mayor zona de libre comercio del mundo&#8221;, con 720 millones de personas y un peso econ\u00f3mico de 22 billones de d\u00f3lares (19 billones de euros).<\/p>\n\n\n\n<blockquote class=\"wp-block-quote is-layout-flow wp-block-quote-is-layout-flow\">\n<p>&#8220;Este acuerdo eliminar\u00e1 aranceles y otras&nbsp;<strong>barreras al comercio<\/strong>, abrir\u00e1 la&nbsp;<strong>contrataci\u00f3n p\u00fablica<\/strong>&nbsp;y proporcionar\u00e1 un marco claro, basado en normas, para fomentar la inversi\u00f3n y el&nbsp;<strong>intercambio comercial<\/strong>&#8220;, defendi\u00f3 ante cientos de invitados en un auditorio.<\/p>\n<\/blockquote>\n\n\n\n<p>La l\u00edder comunitaria record\u00f3 que el pacto tambi\u00e9n busca proteger la&nbsp;<strong>naturaleza<\/strong>&nbsp;y el&nbsp;<strong>clima<\/strong>&nbsp;con la inclusi\u00f3n de un &#8220;s\u00f3lido&#8221; cap\u00edtulo sobre comercio y&nbsp;<strong>desarrollo sostenible<\/strong>, en medio de las dudas de los movimientos&nbsp;<strong>ecologistas<\/strong>, que aseguran que fomentar\u00e1 la&nbsp;<strong>deforestaci\u00f3n&nbsp;<\/strong>en los bosques sudamericanos.<\/p>\n\n\n\n<blockquote class=\"wp-block-quote is-layout-flow wp-block-quote-is-layout-flow\">\n<p>&#8220;Nos comprometemos a ayudarnos mutuamente en la transici\u00f3n hacia la neutralidad clim\u00e1tica.&nbsp;<strong>Europa<\/strong>&nbsp;obtendr\u00e1 un mejor acceso a las&nbsp;<strong>materias primas<\/strong>&nbsp;que necesita para esa transici\u00f3n (por los minerales cr\u00edticos), y la&nbsp;<strong>inversi\u00f3n europea<\/strong>&nbsp;apoyar\u00e1 a los pa\u00edses del Mercosur en la suya&#8221;, apunt\u00f3.<\/p>\n<\/blockquote>\n\n\n\n<p>Fuente: <a href=\"https:\/\/www.eluniversal.com.mx\/mundo\/elegimos-el-comercio-justo-frente-a-los-aranceles-destaca-von-der-leyen-afirma-que-el-acuerdo-manda-senal-contundente\/\">El Universal<\/a><\/p>\n","protected":false},"excerpt":{"rendered":"<p>La presidenta de la Comisi\u00f3n Europea,\u00a0Ursula von der Leyen, defendi\u00f3 que la firma del acuerdo de\u00a0libre comercio\u00a0entre la\u00a0Uni\u00f3n Europea\u00a0(UE) y los pa\u00edses del\u00a0Mercosur\u00a0manda una se\u00f1al &#8220;contundente&#8221; al mundo, al elegir el &#8220;comercio justo frente a los\u00a0aranceles&#8221; y &#8220;el\u00a0aislamiento&#8220;. &#8220;Refleja una elecci\u00f3n clara y deliberada: elegimos el comercio justo frente a los\u00a0aranceles; elegimos una asociaci\u00f3n de [&hellip;]<\/p>\n","protected":false},"author":6,"featured_media":206599,"comment_status":"open","ping_status":"open","sticky":false,"template":"","format":"standard","meta":{"_monsterinsights_skip_tracking":false,"_monsterinsights_sitenote_active":false,"_monsterinsights_sitenote_note":"","_monsterinsights_sitenote_category":0,"footnotes":""},"categories":[181],"tags":[31300,2670],"class_list":["post-206598","post","type-post","status-publish","format-standard","has-post-thumbnail","hentry","category-internacional","tag-mercosur","tag-union-europea","wp-image-borders"],"amp_enabled":true,"_links":{"self":[{"href":"https:\/\/nvnoticias.mx\/index.php\/wp-json\/wp\/v2\/posts\/206598","targetHints":{"allow":["GET"]}}],"collection":[{"href":"https:\/\/nvnoticias.mx\/index.php\/wp-json\/wp\/v2\/posts"}],"about":[{"href":"https:\/\/nvnoticias.mx\/index.php\/wp-json\/wp\/v2\/types\/post"}],"author":[{"embeddable":true,"href":"https:\/\/nvnoticias.mx\/index.php\/wp-json\/wp\/v2\/users\/6"}],"replies":[{"embeddable":true,"href":"https:\/\/nvnoticias.mx\/index.php\/wp-json\/wp\/v2\/comments?post=206598"}],"version-history":[{"count":1,"href":"https:\/\/nvnoticias.mx\/index.php\/wp-json\/wp\/v2\/posts\/206598\/revisions"}],"predecessor-version":[{"id":206600,"href":"https:\/\/nvnoticias.mx\/index.php\/wp-json\/wp\/v2\/posts\/206598\/revisions\/206600"}],"wp:featuredmedia":[{"embeddable":true,"href":"https:\/\/nvnoticias.mx\/index.php\/wp-json\/wp\/v2\/media\/206599"}],"wp:attachment":[{"href":"https:\/\/nvnoticias.mx\/index.php\/wp-json\/wp\/v2\/media?parent=206598"}],"wp:term":[{"taxonomy":"category","embeddable":true,"href":"https:\/\/nvnoticias.mx\/index.php\/wp-json\/wp\/v2\/categories?post=206598"},{"taxonomy":"post_tag","embeddable":true,"href":"https:\/\/nvnoticias.mx\/index.php\/wp-json\/wp\/v2\/tags?post=206598"}],"curies":[{"name":"wp","href":"https:\/\/api.w.org\/{rel}","templated":true}]}}