{"id":206582,"date":"2026-01-17T11:14:35","date_gmt":"2026-01-17T17:14:35","guid":{"rendered":"https:\/\/nvnoticias.mx\/?p=206582"},"modified":"2026-01-17T11:14:39","modified_gmt":"2026-01-17T17:14:39","slug":"se-pronuncia-la-sict-sobre-alerta-de-eu-por-actividad-militar-en-espacio-aereo-de-mexico","status":"publish","type":"post","link":"https:\/\/nvnoticias.mx\/index.php\/2026\/01\/17\/se-pronuncia-la-sict-sobre-alerta-de-eu-por-actividad-militar-en-espacio-aereo-de-mexico\/","title":{"rendered":"Se pronuncia la SICT  sobre alerta de EU por \u201cactividad militar\u201d en espacio a\u00e9reo de M\u00e9xico"},"content":{"rendered":"\n<p><\/p>\n\n\n\n<p>La Secretar\u00eda de Infraestructura, Comunicaciones y Transportes (<strong>SICT<\/strong>) inform\u00f3 que la alerta realizada por la Administraci\u00f3n Federal de Avi\u00f3n de los Estados Unidos (FAA, por sus siglas en ingl\u00e9s)&nbsp;<strong>no constituye un riesgo<\/strong>&nbsp;ni prohibici\u00f3n para las&nbsp;<strong>aerol\u00edneas mexicanas<\/strong>.<\/p>\n\n\n\n<p>Cabe se\u00f1alar que en la NOTAM, emitida este viernes 16 de enero, el gobierno estadounidense\u00a0alert\u00f3 a los pilotos\u00a0de\u00a0<strong>aeronaves\u00a0<\/strong>con matr\u00edcula americana de posibles afectaciones en sus comunicaciones del Sistema Global de Navegaci\u00f3n por Sat\u00e9lite (GNSS) debido a \u201c<strong>acciones militares<\/strong>\u201d en el Golfo de California y el Pac\u00edfico mexicano.<\/p>\n\n\n\n<p>En la alerta se detall\u00f3 que las interferencias se podr\u00edan presentar en<strong>&nbsp;zonas especificas sobre el agua<\/strong>&nbsp;de las Regiones de Informaci\u00f3n de Vuelo, conocidas como&nbsp;<strong>FIR<\/strong>, por sus siglas en ingl\u00e9s.<\/p>\n\n\n\n<p>Dichas regiones conforman el&nbsp;<strong>especio a\u00e9reo&nbsp;<\/strong>de cada pa\u00eds, las cuales se dividen en varias zonas que comprenden tanto el terreno, agua y hasta 20 mil pies hacia arriba \u201csin l\u00edmite superior\u201d.<\/p>\n\n\n\n<blockquote class=\"wp-block-quote is-layout-flow wp-block-quote-is-layout-flow\">\n<p>\u201cSe recomienda a los operadores estadounidenses extremar precauci\u00f3n al operar en las \u00e1reas sobre el agua sobre el Oc\u00e9ano Pac\u00edfico y el Golfo de California, en la Regi\u00f3n de Informaci\u00f3n de Vuelo de M\u00e9xico debido a&nbsp;<strong>actividades militares<\/strong>&nbsp;e interferencias del GNSS\u201d, se lee en la alerta.<\/p>\n<\/blockquote>\n\n\n\n<p>Al considerar a&nbsp;<strong>M\u00e9xico<\/strong>, la SICT detall\u00f3 que esta alerta no constituye una&nbsp;<strong>prohibici\u00f3n<\/strong>, sino una&nbsp;<strong>medida precautoria&nbsp;<\/strong>para las aerol\u00edneas dentro de determinadas regiones del espacio a\u00e9reo.<\/p>\n\n\n\n<blockquote class=\"wp-block-quote is-layout-flow wp-block-quote-is-layout-flow\">\n<p>\u201cNo existen implicaciones operativas ni restricciones para M\u00e9xico, ni para aerol\u00edneas u operadores mexicano (\u2026) fue&nbsp;<strong>emitido exclusivamente para operadores civiles<\/strong>&nbsp;de los Estados Unidos, incluyendo sus aerol\u00edneas y pilotos&#8221;, detall\u00f3 en un comunicado.<\/p>\n<\/blockquote>\n\n\n\n<p>Adem\u00e1s, detall\u00f3 que las posibles condiciones de interferencia que podr\u00edan presentar las&nbsp;<strong>aerol\u00edneas estadounidenses<\/strong>&nbsp;ya han sido identificadas.<\/p>\n\n\n\n<p>De acuerdo con la SICT, se trata de un NOTAM similar a otros emitidos de manera previa por la FAA en la regi\u00f3n del&nbsp;<strong>Caribe<\/strong>, y que ahora se extienden al \u00e1rea del&nbsp;<strong>Pac\u00edfico<\/strong>.<\/p>\n\n\n\n<h2 class=\"wp-block-heading\">Aviaci\u00f3n civil no ser\u00e1 afectada<\/h2>\n\n\n\n<p>\u201cLa SICT reitera que no existe afectaci\u00f3n alguna para la aviaci\u00f3n civil en M\u00e9xico, ni cambios en las condiciones de operaci\u00f3n del espacio a\u00e9reo nacional, y mantiene una comunicaci\u00f3n permanente con autoridades aeron\u00e1uticas internaciones para dar seguimiento a este tipo de avisos, en el marco de la cooperaci\u00f3n y la seguridad operacional\u201d, afirm\u00f3 la dependencia.<\/p>\n\n\n\n<p>Cabe se\u00f1alar que las operaciones militares mencionadas por la autoridad estadounidense no detallan si se llevan a cabo por su gobierno o por el mexicano; sin embargo, comprenden zonas como&nbsp;<strong>Mazatl\u00e1n&nbsp;<\/strong>Oce\u00e1nica y del Oc\u00e9ano Pac\u00edfico.<\/p>\n\n\n\n<p>Esta alerta se emite en un contexto de tensi\u00f3n con Estados Unidos debido a las exigencias y presiones por parte de Donald Trump para combatir a los c\u00e1rteles y detener el ingreso de drogas a ese pa\u00eds desde la frontera.<\/p>\n\n\n\n<p>Fuente: <a href=\"https:\/\/www.infobae.com\/mexico\/2026\/01\/17\/la-sict-se-pronuncia-sobre-alerta-de-eeuu-por-acciones-militares-en-espacio-aereo-de-mexico\/\">Infobae<\/a><\/p>\n","protected":false},"excerpt":{"rendered":"<p>La Secretar\u00eda de Infraestructura, Comunicaciones y Transportes (SICT) inform\u00f3 que la alerta realizada por la Administraci\u00f3n Federal de Avi\u00f3n de los Estados Unidos (FAA, por sus siglas en ingl\u00e9s)&nbsp;no constituye un riesgo&nbsp;ni prohibici\u00f3n para las&nbsp;aerol\u00edneas mexicanas. Cabe se\u00f1alar que en la NOTAM, emitida este viernes 16 de enero, el gobierno estadounidense\u00a0alert\u00f3 a los pilotos\u00a0de\u00a0aeronaves\u00a0con matr\u00edcula [&hellip;]<\/p>\n","protected":false},"author":6,"featured_media":206583,"comment_status":"open","ping_status":"open","sticky":false,"template":"","format":"standard","meta":{"_monsterinsights_skip_tracking":false,"_monsterinsights_sitenote_active":false,"_monsterinsights_sitenote_note":"","_monsterinsights_sitenote_category":0,"footnotes":""},"categories":[157],"tags":[10926,162,19891],"class_list":["post-206582","post","type-post","status-publish","format-standard","has-post-thumbnail","hentry","category-nacional","tag-espacio-aereo","tag-portada","tag-sict","wp-image-borders"],"amp_enabled":true,"_links":{"self":[{"href":"https:\/\/nvnoticias.mx\/index.php\/wp-json\/wp\/v2\/posts\/206582","targetHints":{"allow":["GET"]}}],"collection":[{"href":"https:\/\/nvnoticias.mx\/index.php\/wp-json\/wp\/v2\/posts"}],"about":[{"href":"https:\/\/nvnoticias.mx\/index.php\/wp-json\/wp\/v2\/types\/post"}],"author":[{"embeddable":true,"href":"https:\/\/nvnoticias.mx\/index.php\/wp-json\/wp\/v2\/users\/6"}],"replies":[{"embeddable":true,"href":"https:\/\/nvnoticias.mx\/index.php\/wp-json\/wp\/v2\/comments?post=206582"}],"version-history":[{"count":1,"href":"https:\/\/nvnoticias.mx\/index.php\/wp-json\/wp\/v2\/posts\/206582\/revisions"}],"predecessor-version":[{"id":206584,"href":"https:\/\/nvnoticias.mx\/index.php\/wp-json\/wp\/v2\/posts\/206582\/revisions\/206584"}],"wp:featuredmedia":[{"embeddable":true,"href":"https:\/\/nvnoticias.mx\/index.php\/wp-json\/wp\/v2\/media\/206583"}],"wp:attachment":[{"href":"https:\/\/nvnoticias.mx\/index.php\/wp-json\/wp\/v2\/media?parent=206582"}],"wp:term":[{"taxonomy":"category","embeddable":true,"href":"https:\/\/nvnoticias.mx\/index.php\/wp-json\/wp\/v2\/categories?post=206582"},{"taxonomy":"post_tag","embeddable":true,"href":"https:\/\/nvnoticias.mx\/index.php\/wp-json\/wp\/v2\/tags?post=206582"}],"curies":[{"name":"wp","href":"https:\/\/api.w.org\/{rel}","templated":true}]}}