{"id":206534,"date":"2026-01-16T12:43:54","date_gmt":"2026-01-16T18:43:54","guid":{"rendered":"https:\/\/nvnoticias.mx\/?p=206534"},"modified":"2026-01-16T12:43:59","modified_gmt":"2026-01-16T18:43:59","slug":"atraso-en-nomina-federal-detona-protestas-en-hospitales-de-xalapa-y-el-estado","status":"publish","type":"post","link":"https:\/\/nvnoticias.mx\/index.php\/2026\/01\/16\/atraso-en-nomina-federal-detona-protestas-en-hospitales-de-xalapa-y-el-estado\/","title":{"rendered":"Atraso en n\u00f3mina federal detona protestas en hospitales de Xalapa y el estado"},"content":{"rendered":"\n<p><\/p>\n\n\n\n<p><strong>Sam Ojeda \/ NV Noticias<\/strong><\/p>\n\n\n\n<p>Xalapa.- El retraso en el pago de quincenas a personal de la n\u00f3mina federal provoc\u00f3 protestas simult\u00e1neas de trabajadores del sector Salud en hospitales de Xalapa y en otros municipios de Veracruz, sin suspensi\u00f3n de servicios m\u00e9dicos.<\/p>\n\n\n\n<p>En la capital del estado, las manifestaciones se concentraron en el Centro de Alta Especialidad (CAE), el Centro Estatal de Cancerolog\u00eda \u201cMiguel Dorantes Mesa\u201d (CECAN), oficinas centrales y \u00e1reas de salud mental. De forma paralela, hubo inconformidades en unidades m\u00e9dicas de municipios como Naolinco, Alto Lucero, Teocelo y Coatepec.<\/p>\n\n\n\n<p>El representante de la secci\u00f3n 26 Centro del Sindicato Nacional de Trabajadores de la Secretar\u00eda de Salud, Pablo Rodr\u00edguez Torres, inform\u00f3 que la afectaci\u00f3n alcanza a m\u00e1s de 2 mil 150 trabajadores de base, adem\u00e1s de personal por contrato, cuyos pagos debieron dispersarse desde el d\u00eda anterior.<\/p>\n\n\n\n<p>Explic\u00f3 que se trata de una n\u00f3mina de car\u00e1cter federal, vinculada a recursos que anteriormente correspond\u00edan al Seguro Popular, lo que ha generado el retraso en los dep\u00f3sitos.<\/p>\n\n\n\n<p>\u201cEs un tema federal. Estamos pidiendo la intervenci\u00f3n de la gobernadora para que se libere el pago, porque hay miles de trabajadores afectados en todo el estado\u201d, se\u00f1al\u00f3.<\/p>\n\n\n\n<p>Indic\u00f3 que ya existen pl\u00e1ticas para resolver el problema y que se espera una pronta dispersi\u00f3n de los recursos. Aclar\u00f3 que, pese a las protestas, la atenci\u00f3n m\u00e9dica se mantiene con normalidad y no se realizaron bloqueos a la vialidad.<br><\/p>\n","protected":false},"excerpt":{"rendered":"<p>Sam Ojeda \/ NV Noticias Xalapa.- El retraso en el pago de quincenas a personal de la n\u00f3mina federal provoc\u00f3 protestas simult\u00e1neas de trabajadores del sector Salud en hospitales de Xalapa y en otros municipios de Veracruz, sin suspensi\u00f3n de servicios m\u00e9dicos. En la capital del estado, las manifestaciones se concentraron en el Centro de [&hellip;]<\/p>\n","protected":false},"author":8,"featured_media":206535,"comment_status":"open","ping_status":"open","sticky":false,"template":"","format":"standard","meta":{"_monsterinsights_skip_tracking":false,"_monsterinsights_sitenote_active":false,"_monsterinsights_sitenote_note":"","_monsterinsights_sitenote_category":0,"footnotes":""},"categories":[156],"tags":[176,3173,180],"class_list":["post-206534","post","type-post","status-publish","format-standard","has-post-thumbnail","hentry","category-estado","tag-hospitales","tag-protestas","tag-veracruz","wp-image-borders"],"amp_enabled":true,"_links":{"self":[{"href":"https:\/\/nvnoticias.mx\/index.php\/wp-json\/wp\/v2\/posts\/206534","targetHints":{"allow":["GET"]}}],"collection":[{"href":"https:\/\/nvnoticias.mx\/index.php\/wp-json\/wp\/v2\/posts"}],"about":[{"href":"https:\/\/nvnoticias.mx\/index.php\/wp-json\/wp\/v2\/types\/post"}],"author":[{"embeddable":true,"href":"https:\/\/nvnoticias.mx\/index.php\/wp-json\/wp\/v2\/users\/8"}],"replies":[{"embeddable":true,"href":"https:\/\/nvnoticias.mx\/index.php\/wp-json\/wp\/v2\/comments?post=206534"}],"version-history":[{"count":1,"href":"https:\/\/nvnoticias.mx\/index.php\/wp-json\/wp\/v2\/posts\/206534\/revisions"}],"predecessor-version":[{"id":206536,"href":"https:\/\/nvnoticias.mx\/index.php\/wp-json\/wp\/v2\/posts\/206534\/revisions\/206536"}],"wp:featuredmedia":[{"embeddable":true,"href":"https:\/\/nvnoticias.mx\/index.php\/wp-json\/wp\/v2\/media\/206535"}],"wp:attachment":[{"href":"https:\/\/nvnoticias.mx\/index.php\/wp-json\/wp\/v2\/media?parent=206534"}],"wp:term":[{"taxonomy":"category","embeddable":true,"href":"https:\/\/nvnoticias.mx\/index.php\/wp-json\/wp\/v2\/categories?post=206534"},{"taxonomy":"post_tag","embeddable":true,"href":"https:\/\/nvnoticias.mx\/index.php\/wp-json\/wp\/v2\/tags?post=206534"}],"curies":[{"name":"wp","href":"https:\/\/api.w.org\/{rel}","templated":true}]}}