{"id":206472,"date":"2026-01-16T10:12:29","date_gmt":"2026-01-16T16:12:29","guid":{"rendered":"https:\/\/nvnoticias.mx\/?p=206472"},"modified":"2026-01-16T10:12:34","modified_gmt":"2026-01-16T16:12:34","slug":"llega-a-venezuela-primer-vuelo-con-migrantes-deportados-desde-eu-tras-secuestro-de-maduro","status":"publish","type":"post","link":"https:\/\/nvnoticias.mx\/index.php\/2026\/01\/16\/llega-a-venezuela-primer-vuelo-con-migrantes-deportados-desde-eu-tras-secuestro-de-maduro\/","title":{"rendered":"Llega a Venezuela primer vuelo con migrantes deportados desde EU tras secuestro de Maduro"},"content":{"rendered":"\n<p>Un nuevo vuelo con 231 venezolanos deportados por Estados Unidos arrib\u00f3 el viernes al aeropuerto que sirve a Caracas, el primero tras la incursi\u00f3n militar que secuestr\u00f3 al mandatario Nicol\u00e1s Maduro.<\/p>\n\n\n\n<p>El 3 de enero fuerzas estadunidenses bombardearon la capital en una incursi\u00f3n en la que Maduro y su esposa, Cilia Flores, fueron secuestrados. Ambos se enfrentan a la justicia en Nueva York por narcotr\u00e1fico.<\/p>\n\n\n\n<p>Se trata del primer avi\u00f3n de bandera estadunidense con migrantes a bordo en volar al pa\u00eds tras el ataque militar del presidente Donald Trump, que ha dicho estar a cargo del pa\u00eds.<\/p>\n\n\n\n<p>La aeronave sali\u00f3 desde Phoenix, Arizona, y aterriz\u00f3 en el aeropuerto de Maiquet\u00eda, que sirve a la capital venezolana, cerca de las 10:30 horas locales, constat\u00f3 la AFP.<\/p>\n\n\n\n<p>Los deportados llegan a Venezuela en el marco de un programa de repatriaci\u00f3n que se mantuvo incluso en plena crisis entre ambos pa\u00edses cuando estaba Maduro en el poder.<\/p>\n\n\n\n<p>Aviones estadunidenses con indocumentados venezolanos arribaron regularmente durante todo el a\u00f1o pasado pese al despliegue militar que orden\u00f3 Trump en el Caribe desde agosto.<\/p>\n\n\n\n<p>Caracas hab\u00eda denunciado a mediados de diciembre que Estados Unidos hab\u00eda suspendido &#8220;de manera unilateral&#8221; un vuelo con migrantes deportados.<\/p>\n\n\n\n<p>Fuente: La <a href=\"https:\/\/www.jornada.com.mx\/noticia\/2026\/01\/16\/mundo\/llega-a-venezuela-primer-vuelo-con-migrantes-deportados-desde-eu-tras-secuestro-de-maduro\">Jornada<\/a> <\/p>\n","protected":false},"excerpt":{"rendered":"<p>Un nuevo vuelo con 231 venezolanos deportados por Estados Unidos arrib\u00f3 el viernes al aeropuerto que sirve a Caracas, el primero tras la incursi\u00f3n militar que secuestr\u00f3 al mandatario Nicol\u00e1s Maduro. El 3 de enero fuerzas estadunidenses bombardearon la capital en una incursi\u00f3n en la que Maduro y su esposa, Cilia Flores, fueron secuestrados. Ambos [&hellip;]<\/p>\n","protected":false},"author":35,"featured_media":206475,"comment_status":"open","ping_status":"open","sticky":false,"template":"","format":"standard","meta":{"_monsterinsights_skip_tracking":false,"_monsterinsights_sitenote_active":false,"_monsterinsights_sitenote_note":"","_monsterinsights_sitenote_category":0,"footnotes":""},"categories":[181],"tags":[183,1540],"class_list":["post-206472","post","type-post","status-publish","format-standard","has-post-thumbnail","hentry","category-internacional","tag-estados-unidos","tag-venezuela","wp-image-borders"],"amp_enabled":true,"_links":{"self":[{"href":"https:\/\/nvnoticias.mx\/index.php\/wp-json\/wp\/v2\/posts\/206472","targetHints":{"allow":["GET"]}}],"collection":[{"href":"https:\/\/nvnoticias.mx\/index.php\/wp-json\/wp\/v2\/posts"}],"about":[{"href":"https:\/\/nvnoticias.mx\/index.php\/wp-json\/wp\/v2\/types\/post"}],"author":[{"embeddable":true,"href":"https:\/\/nvnoticias.mx\/index.php\/wp-json\/wp\/v2\/users\/35"}],"replies":[{"embeddable":true,"href":"https:\/\/nvnoticias.mx\/index.php\/wp-json\/wp\/v2\/comments?post=206472"}],"version-history":[{"count":3,"href":"https:\/\/nvnoticias.mx\/index.php\/wp-json\/wp\/v2\/posts\/206472\/revisions"}],"predecessor-version":[{"id":206476,"href":"https:\/\/nvnoticias.mx\/index.php\/wp-json\/wp\/v2\/posts\/206472\/revisions\/206476"}],"wp:featuredmedia":[{"embeddable":true,"href":"https:\/\/nvnoticias.mx\/index.php\/wp-json\/wp\/v2\/media\/206475"}],"wp:attachment":[{"href":"https:\/\/nvnoticias.mx\/index.php\/wp-json\/wp\/v2\/media?parent=206472"}],"wp:term":[{"taxonomy":"category","embeddable":true,"href":"https:\/\/nvnoticias.mx\/index.php\/wp-json\/wp\/v2\/categories?post=206472"},{"taxonomy":"post_tag","embeddable":true,"href":"https:\/\/nvnoticias.mx\/index.php\/wp-json\/wp\/v2\/tags?post=206472"}],"curies":[{"name":"wp","href":"https:\/\/api.w.org\/{rel}","templated":true}]}}