{"id":206466,"date":"2026-01-15T15:15:34","date_gmt":"2026-01-15T21:15:34","guid":{"rendered":"https:\/\/nvnoticias.mx\/?p=206466"},"modified":"2026-01-15T15:15:38","modified_gmt":"2026-01-15T21:15:38","slug":"saltabarranca-confirma-su-participacion-en-el-carnaval-de-veracruz-2026-con-su-tradicional-mojiganga","status":"publish","type":"post","link":"https:\/\/nvnoticias.mx\/index.php\/2026\/01\/15\/saltabarranca-confirma-su-participacion-en-el-carnaval-de-veracruz-2026-con-su-tradicional-mojiganga\/","title":{"rendered":"Saltabarranca confirma su participaci\u00f3n en el Carnaval de Veracruz 2026 con su tradicional Mojiganga"},"content":{"rendered":"\n<p><\/p>\n\n\n\n<p><strong>Jes\u00fas Utrilla \/ NV Noticias <\/strong><\/p>\n\n\n\n<p>El Ayuntamiento de Saltabarranca confirm\u00f3 que el municipio participar\u00e1 en el Carnaval de Veracruz 2026 con una de sus expresiones culturales m\u00e1s emblem\u00e1ticas: la Mojiganga de figuras gigantes, tradici\u00f3n que en este 2026 cumple 40 a\u00f1os de historia y arraigo popular.<\/p>\n\n\n\n<p>El alcalde de Saltabarranca, Elvis Laureani Rom\u00e1n, sostuvo una reuni\u00f3n de trabajo con la presidenta municipal de Veracruz, Rosa Mar\u00eda Hern\u00e1ndez Espejo, as\u00ed como con el director de Turismo y del Carnaval de Veracruz 2026, Daniel Mart\u00edn Lois, donde se afinaron los detalles para la participaci\u00f3n del municipio sure\u00f1o en esta importante celebraci\u00f3n.<\/p>\n\n\n\n<p>En declaraciones a medios de comunicaci\u00f3n, el presidente municipal destac\u00f3 que la invitaci\u00f3n representa una oportunidad hist\u00f3rica para proyectar la identidad cultural de Saltabarranca en uno de los carnavales m\u00e1s importantes del pa\u00eds. Subray\u00f3 que la Mojiganga de Saltabarranca, reconocida por sus figuras gigantes y su colorido, tendr\u00e1 una participaci\u00f3n especial al coincidir con el 40 aniversario de esta tradici\u00f3n.<\/p>\n\n\n\n<p>El edil inform\u00f3 que artesanos y creadores locales ya trabajan intensamente en la elaboraci\u00f3n de nuevas figuras, algunas de ellas con referencias emblem\u00e1ticas del puerto de Veracruz, las cuales formar\u00e1n parte de los desfiles carnestolendos. \u201cVamos a hacer una muy buena representaci\u00f3n; se est\u00e1n cuidando todos los detalles para que el trabajo de nuestra gente luzca y sorprenda\u201d, se\u00f1al\u00f3.<\/p>\n\n\n\n<p>Asimismo, Elvis Laureani Rom\u00e1n resalt\u00f3 que este tipo de eventos no solo fortalecen las tradiciones, sino que tambi\u00e9n generan beneficios directos para el municipio. Afirm\u00f3 que la presencia de Saltabarranca en escenarios de alta visibilidad contribuye a posicionarlo a nivel estatal y nacional, al grado de que, dijo, \u201cSaltabarranca se pone de moda\u201d, al despertar el inter\u00e9s tur\u00edstico y cultural hacia el municipio.<\/p>\n\n\n\n<p>De acuerdo con lo previsto, la Mojiganga de Saltabarranca participar\u00e1 los d\u00edas 14 y 15 de febrero, fechas en las que miles de personas se dar\u00e1n cita en el Carnaval de Veracruz. El Ayuntamiento de Saltabarranca reiter\u00f3 su compromiso de llevar una representaci\u00f3n digna, alegre y fiel a sus ra\u00edces, como muestra del orgullo de su gente y del trabajo de los artesanos que han mantenido viva esta tradici\u00f3n durante cuatro d\u00e9cadas.<\/p>\n","protected":false},"excerpt":{"rendered":"<p>Jes\u00fas Utrilla \/ NV Noticias El Ayuntamiento de Saltabarranca confirm\u00f3 que el municipio participar\u00e1 en el Carnaval de Veracruz 2026 con una de sus expresiones culturales m\u00e1s emblem\u00e1ticas: la Mojiganga de figuras gigantes, tradici\u00f3n que en este 2026 cumple 40 a\u00f1os de historia y arraigo popular. El alcalde de Saltabarranca, Elvis Laureani Rom\u00e1n, sostuvo una [&hellip;]<\/p>\n","protected":false},"author":8,"featured_media":206467,"comment_status":"open","ping_status":"open","sticky":false,"template":"","format":"standard","meta":{"_monsterinsights_skip_tracking":false,"_monsterinsights_sitenote_active":false,"_monsterinsights_sitenote_note":"","_monsterinsights_sitenote_category":0,"footnotes":""},"categories":[154],"tags":[1138,6523],"class_list":["post-206466","post","type-post","status-publish","format-standard","has-post-thumbnail","hentry","category-veracruz","tag-carnaval-de-veracruz","tag-saltabarranca","wp-image-borders"],"amp_enabled":true,"_links":{"self":[{"href":"https:\/\/nvnoticias.mx\/index.php\/wp-json\/wp\/v2\/posts\/206466","targetHints":{"allow":["GET"]}}],"collection":[{"href":"https:\/\/nvnoticias.mx\/index.php\/wp-json\/wp\/v2\/posts"}],"about":[{"href":"https:\/\/nvnoticias.mx\/index.php\/wp-json\/wp\/v2\/types\/post"}],"author":[{"embeddable":true,"href":"https:\/\/nvnoticias.mx\/index.php\/wp-json\/wp\/v2\/users\/8"}],"replies":[{"embeddable":true,"href":"https:\/\/nvnoticias.mx\/index.php\/wp-json\/wp\/v2\/comments?post=206466"}],"version-history":[{"count":1,"href":"https:\/\/nvnoticias.mx\/index.php\/wp-json\/wp\/v2\/posts\/206466\/revisions"}],"predecessor-version":[{"id":206468,"href":"https:\/\/nvnoticias.mx\/index.php\/wp-json\/wp\/v2\/posts\/206466\/revisions\/206468"}],"wp:featuredmedia":[{"embeddable":true,"href":"https:\/\/nvnoticias.mx\/index.php\/wp-json\/wp\/v2\/media\/206467"}],"wp:attachment":[{"href":"https:\/\/nvnoticias.mx\/index.php\/wp-json\/wp\/v2\/media?parent=206466"}],"wp:term":[{"taxonomy":"category","embeddable":true,"href":"https:\/\/nvnoticias.mx\/index.php\/wp-json\/wp\/v2\/categories?post=206466"},{"taxonomy":"post_tag","embeddable":true,"href":"https:\/\/nvnoticias.mx\/index.php\/wp-json\/wp\/v2\/tags?post=206466"}],"curies":[{"name":"wp","href":"https:\/\/api.w.org\/{rel}","templated":true}]}}