{"id":206464,"date":"2026-01-15T13:43:59","date_gmt":"2026-01-15T19:43:59","guid":{"rendered":"https:\/\/nvnoticias.mx\/?p=206464"},"modified":"2026-01-15T13:44:04","modified_gmt":"2026-01-15T19:44:04","slug":"se-instalaran-cinco-empresas-en-ciudad-industrial-de-veracruz","status":"publish","type":"post","link":"https:\/\/nvnoticias.mx\/index.php\/2026\/01\/15\/se-instalaran-cinco-empresas-en-ciudad-industrial-de-veracruz\/","title":{"rendered":"Se instalar\u00e1n\u00a0cinco empresas en ciudad industrial de Veracruz"},"content":{"rendered":"\n<p><\/p>\n\n\n\n<p><strong>Jes\u00fas Utrilla \/ NV Noticias<\/strong> <\/p>\n\n\n\n<p><br>Este a\u00f1o se instalar\u00e1n cinco nuevas empresas en Bruno Pagliai y la municipalizaci\u00f3n del complejo detonar\u00e1 la inversi\u00f3n, mejorar\u00e1 servicios y fortalecer\u00e1 la actividad productiva en Veracruz, se\u00f1al\u00f3 Ernesto P\u00e9rez Astorga, secretario de Desarrollo Econ\u00f3mico y Portuario de Veracruz (Sedecop).<\/p>\n\n\n\n<p><br>Dijo que el Gobierno del Estado busca generar certidumbre y coordinaci\u00f3n con el sector empresarial para sostener el empleo y la llegada de nuevas empresas.<\/p>\n\n\n\n<p><br>\u201cEse parque naci\u00f3 con muchos problemas y los industriales han exigido, como es correcto, la falta de servicios durante muchos a\u00f1os. Hoy estamos hablando de cinco empresas que se est\u00e1n asentando ah\u00ed, y eso habla de la confianza y de la buena comunicaci\u00f3n que ha tenido el gobierno con los industriales. Estoy seguro de que la gobernadora va a poner mucha atenci\u00f3n para que veamos un cambio radical en esa ciudad industrial\u201d.<\/p>\n\n\n\n<p><br>Insisti\u00f3 en que la municipalizaci\u00f3n de Bruno Pagliai permitir\u00e1 atender rezagos hist\u00f3ricos en servicios e infraestructura, adem\u00e1s de generar condiciones m\u00e1s atractivas para la llegada de nuevas empresas. Incluso ya existe inter\u00e9s de compa\u00f1\u00edas por instalarse en este parque industrial, lo que refleja confianza en el trabajo coordinado entre el gobierno y el sector productivo.<\/p>\n\n\n\n<p><br>Las proyecciones econ\u00f3micas para este a\u00f1o son conservadoras, pues el entorno internacional provoc\u00f3 una pausa en varias decisiones de inversi\u00f3n, por lo que consider\u00f3 fundamental reforzar la comunicaci\u00f3n entre autoridades y empresarios, as\u00ed como avanzar en proyectos estrat\u00e9gicos como la municipalizaci\u00f3n de parques industriales.<\/p>\n\n\n\n<p><br>\u201cLas proyecciones nacionales cada vez se han estado ajustando a la baja y eso nos marca una pauta de que no va a ser un a\u00f1o f\u00e1cil. Hoy es importante la comunicaci\u00f3n que tenga el gobierno del Estado y el gobierno federal con las c\u00e1maras empresariales, porque necesitamos impulsar la inversi\u00f3n, el empleo y las empresas, aunque las situaciones geopol\u00edticas han generado una pausa en las inversiones\u201d.<\/p>\n\n\n\n<p><br>P\u00e9rez Astorga dijo que el estado se prepara para anunciar nuevas inversiones y programas de apoyo a peque\u00f1as y medianas empresas, particularmente en regiones afectadas por fen\u00f3menos naturales, como Poza Rica, con el objetivo de arrancar el a\u00f1o con indicadores positivos y sentar bases para una recuperaci\u00f3n gradual.<br><\/p>\n","protected":false},"excerpt":{"rendered":"<p>Jes\u00fas Utrilla \/ NV Noticias Este a\u00f1o se instalar\u00e1n cinco nuevas empresas en Bruno Pagliai y la municipalizaci\u00f3n del complejo detonar\u00e1 la inversi\u00f3n, mejorar\u00e1 servicios y fortalecer\u00e1 la actividad productiva en Veracruz, se\u00f1al\u00f3 Ernesto P\u00e9rez Astorga, secretario de Desarrollo Econ\u00f3mico y Portuario de Veracruz (Sedecop). Dijo que el Gobierno del Estado busca generar certidumbre y [&hellip;]<\/p>\n","protected":false},"author":8,"featured_media":152576,"comment_status":"open","ping_status":"open","sticky":false,"template":"","format":"standard","meta":{"_monsterinsights_skip_tracking":false,"_monsterinsights_sitenote_active":false,"_monsterinsights_sitenote_note":"","_monsterinsights_sitenote_category":0,"footnotes":""},"categories":[154],"tags":[5033,7721,496],"class_list":["post-206464","post","type-post","status-publish","format-standard","has-post-thumbnail","hentry","category-veracruz","tag-bruno-pagliai","tag-ciudad-industrial","tag-empresas","wp-image-borders"],"amp_enabled":true,"_links":{"self":[{"href":"https:\/\/nvnoticias.mx\/index.php\/wp-json\/wp\/v2\/posts\/206464","targetHints":{"allow":["GET"]}}],"collection":[{"href":"https:\/\/nvnoticias.mx\/index.php\/wp-json\/wp\/v2\/posts"}],"about":[{"href":"https:\/\/nvnoticias.mx\/index.php\/wp-json\/wp\/v2\/types\/post"}],"author":[{"embeddable":true,"href":"https:\/\/nvnoticias.mx\/index.php\/wp-json\/wp\/v2\/users\/8"}],"replies":[{"embeddable":true,"href":"https:\/\/nvnoticias.mx\/index.php\/wp-json\/wp\/v2\/comments?post=206464"}],"version-history":[{"count":1,"href":"https:\/\/nvnoticias.mx\/index.php\/wp-json\/wp\/v2\/posts\/206464\/revisions"}],"predecessor-version":[{"id":206465,"href":"https:\/\/nvnoticias.mx\/index.php\/wp-json\/wp\/v2\/posts\/206464\/revisions\/206465"}],"wp:featuredmedia":[{"embeddable":true,"href":"https:\/\/nvnoticias.mx\/index.php\/wp-json\/wp\/v2\/media\/152576"}],"wp:attachment":[{"href":"https:\/\/nvnoticias.mx\/index.php\/wp-json\/wp\/v2\/media?parent=206464"}],"wp:term":[{"taxonomy":"category","embeddable":true,"href":"https:\/\/nvnoticias.mx\/index.php\/wp-json\/wp\/v2\/categories?post=206464"},{"taxonomy":"post_tag","embeddable":true,"href":"https:\/\/nvnoticias.mx\/index.php\/wp-json\/wp\/v2\/tags?post=206464"}],"curies":[{"name":"wp","href":"https:\/\/api.w.org\/{rel}","templated":true}]}}