{"id":206446,"date":"2026-01-15T13:24:46","date_gmt":"2026-01-15T19:24:46","guid":{"rendered":"https:\/\/nvnoticias.mx\/?p=206446"},"modified":"2026-01-15T13:24:50","modified_gmt":"2026-01-15T19:24:50","slug":"lanzan-convocatoria-para-bodas-colectivas-2026-en-boca-del-rio","status":"publish","type":"post","link":"https:\/\/nvnoticias.mx\/index.php\/2026\/01\/15\/lanzan-convocatoria-para-bodas-colectivas-2026-en-boca-del-rio\/","title":{"rendered":"Lanzan convocatoria para Bodas Colectivas 2026 en Boca del R\u00edo"},"content":{"rendered":"\n<p><\/p>\n\n\n\n<p><strong>Jes\u00fas Utrilla \/ NV Noticias<\/strong><\/p>\n\n\n\n<p>El Ayuntamiento de Boca del R\u00edo y el DIF Municipal presentaron de manera oficial la convocatoria para las Bodas Colectivas 2026, que se llevar\u00e1n a cabo el pr\u00f3ximo 19 de febrero, como parte de las actividades conmemorativas del D\u00eda del Amor y la Amistad.<\/p>\n\n\n\n<p>El anuncio fue encabezado por la alcaldesa Maryjose Gamboa Torales, acompa\u00f1ada de su hija, la presidenta del DIF Municipal, Mar\u00eda Paula Hakim Gamboa, quienes destacaron que este programa busca otorgar certeza jur\u00eddica a las parejas, fortalecer la integraci\u00f3n familiar y fomentar valores fundamentales como el compromiso y la responsabilidad.<\/p>\n\n\n\n<p>Durante su mensaje, la presidenta municipal resalt\u00f3 que las Bodas Colectivas representan uno de los eventos m\u00e1s significativos para el DIF, al permitir que decenas de parejas formalicen su uni\u00f3n de manera gratuita, y confi\u00f3 en que este a\u00f1o se superar\u00e1 el n\u00famero de matrimonios registrados en ediciones anteriores.<\/p>\n\n\n\n<p>Las autoridades municipales reiteraron la invitaci\u00f3n a las parejas boque\u00f1as interesadas en regularizar su situaci\u00f3n civil, subrayando que este esfuerzo es resultado del trabajo coordinado entre el Ayuntamiento y el DIF Municipal en beneficio de las familias del municipio.<\/p>\n\n\n\n<p>Por su parte, la presidenta del DIF Municipal, Mar\u00eda Paula Hakim Gamboa, hizo un llamado a quienes han decidido dar este paso a sumarse a esta celebraci\u00f3n, la cual ser\u00e1 preparada especialmente para los contrayentes y sus familias.<\/p>\n\n\n\n<p>En tanto, el oficial del Registro Civil, Edgar Cansino Far\u00edas, inform\u00f3 sobre los requisitos necesarios para participar en el programa, entre los que se incluyen la solicitud de matrimonio, actas de nacimiento certificadas, identificaciones oficiales, CURP, comprobante de domicilio en Boca del R\u00edo, an\u00e1lisis prenupciales o carta responsiva, as\u00ed como documentos adicionales en caso de divorcio o viudez y el certificado de no deudor alimentario.<\/p>\n\n\n\n<p>La recepci\u00f3n de documentos se realizar\u00e1 del 19 de enero al 13 de febrero, de lunes a viernes, en un horario de 9:00 a 13:00 horas, en las oficinas del Registro Civil de Boca del R\u00edo, donde se otorgar\u00e1n nueve fichas diarias para la atenci\u00f3n de las parejas.<\/p>\n\n\n\n<p>Finalmente, la alcaldesa y la presidenta del DIF Municipal refrendaron su compromiso de continuar impulsando acciones que contribuyan al fortalecimiento de las familias boque\u00f1as y al bienestar social.<\/p>\n\n\n\n<p><\/p>\n","protected":false},"excerpt":{"rendered":"<p>Jes\u00fas Utrilla \/ NV Noticias El Ayuntamiento de Boca del R\u00edo y el DIF Municipal presentaron de manera oficial la convocatoria para las Bodas Colectivas 2026, que se llevar\u00e1n a cabo el pr\u00f3ximo 19 de febrero, como parte de las actividades conmemorativas del D\u00eda del Amor y la Amistad. El anuncio fue encabezado por la [&hellip;]<\/p>\n","protected":false},"author":8,"featured_media":206451,"comment_status":"open","ping_status":"open","sticky":false,"template":"","format":"standard","meta":{"_monsterinsights_skip_tracking":false,"_monsterinsights_sitenote_active":false,"_monsterinsights_sitenote_note":"","_monsterinsights_sitenote_category":0,"footnotes":""},"categories":[154],"tags":[423,9538],"class_list":["post-206446","post","type-post","status-publish","format-standard","has-post-thumbnail","hentry","category-veracruz","tag-boca-del-rio","tag-bodas-colectivas","wp-image-borders"],"amp_enabled":true,"_links":{"self":[{"href":"https:\/\/nvnoticias.mx\/index.php\/wp-json\/wp\/v2\/posts\/206446","targetHints":{"allow":["GET"]}}],"collection":[{"href":"https:\/\/nvnoticias.mx\/index.php\/wp-json\/wp\/v2\/posts"}],"about":[{"href":"https:\/\/nvnoticias.mx\/index.php\/wp-json\/wp\/v2\/types\/post"}],"author":[{"embeddable":true,"href":"https:\/\/nvnoticias.mx\/index.php\/wp-json\/wp\/v2\/users\/8"}],"replies":[{"embeddable":true,"href":"https:\/\/nvnoticias.mx\/index.php\/wp-json\/wp\/v2\/comments?post=206446"}],"version-history":[{"count":1,"href":"https:\/\/nvnoticias.mx\/index.php\/wp-json\/wp\/v2\/posts\/206446\/revisions"}],"predecessor-version":[{"id":206452,"href":"https:\/\/nvnoticias.mx\/index.php\/wp-json\/wp\/v2\/posts\/206446\/revisions\/206452"}],"wp:featuredmedia":[{"embeddable":true,"href":"https:\/\/nvnoticias.mx\/index.php\/wp-json\/wp\/v2\/media\/206451"}],"wp:attachment":[{"href":"https:\/\/nvnoticias.mx\/index.php\/wp-json\/wp\/v2\/media?parent=206446"}],"wp:term":[{"taxonomy":"category","embeddable":true,"href":"https:\/\/nvnoticias.mx\/index.php\/wp-json\/wp\/v2\/categories?post=206446"},{"taxonomy":"post_tag","embeddable":true,"href":"https:\/\/nvnoticias.mx\/index.php\/wp-json\/wp\/v2\/tags?post=206446"}],"curies":[{"name":"wp","href":"https:\/\/api.w.org\/{rel}","templated":true}]}}