{"id":206386,"date":"2026-01-15T11:32:33","date_gmt":"2026-01-15T17:32:33","guid":{"rendered":"https:\/\/nvnoticias.mx\/?p=206386"},"modified":"2026-01-15T11:32:39","modified_gmt":"2026-01-15T17:32:39","slug":"instruye-sheinbaum-a-rosa-icela-rodriguez-sondear-posible-visita-del-papa-leon-xiv","status":"publish","type":"post","link":"https:\/\/nvnoticias.mx\/index.php\/2026\/01\/15\/instruye-sheinbaum-a-rosa-icela-rodriguez-sondear-posible-visita-del-papa-leon-xiv\/","title":{"rendered":"Instruye Sheinbaum a Rosa Icela Rodr\u00edguez sondear posible visita del papa Le\u00f3n XIV"},"content":{"rendered":"\n<p>Ante las recientes expresiones del papa Le\u00f3n XIV de su deseo de visitar a M\u00e9xico, la presidenta Claudia Sheinbaum instruy\u00f3 a la secretaria de Gobernaci\u00f3n, Rosa Icela Rodr\u00edguez, a buscar al nuncio apost\u00f3lico, Joseph Spiteri, para sondear sobre las fechas en que se podr\u00eda concretar esta visita. M\u00e9xico tiene un Estado laico, dijo la mandataria, pero eso no significa que no se reconozca que la gran mayor\u00eda del pueblo mexicano es cat\u00f3lico.<\/p>\n\n\n\n<p>Durante su conferencia, consider\u00f3 muy interesante que se concretara esta visita a M\u00e9xico. Le\u00f3n XIV es un Papa que ha expresado sus posturas a favor de la pacificaci\u00f3n del mundo y sobre la problem\u00e1tica de la migraci\u00f3n, as\u00ed como otros temas sobre los que coincidimos.<\/p>\n\n\n\n<p>-\u00bfPodr\u00eda ser este a\u00f1o?<\/p>\n\n\n\n<p>-Esperamos que sea este a\u00f1o pero no hay un comunicado oficial.<\/p>\n\n\n\n<p>Fuente: La <a href=\"https:\/\/www.jornada.com.mx\/noticia\/2026\/01\/15\/politica\/instruye-sheinbaum-a-rosa-icela-rodriguez-a-sondear-posible-visita-del-papa-leon-xiv\">Jornada<\/a> <\/p>\n","protected":false},"excerpt":{"rendered":"<p>Ante las recientes expresiones del papa Le\u00f3n XIV de su deseo de visitar a M\u00e9xico, la presidenta Claudia Sheinbaum instruy\u00f3 a la secretaria de Gobernaci\u00f3n, Rosa Icela Rodr\u00edguez, a buscar al nuncio apost\u00f3lico, Joseph Spiteri, para sondear sobre las fechas en que se podr\u00eda concretar esta visita. M\u00e9xico tiene un Estado laico, dijo la mandataria, [&hellip;]<\/p>\n","protected":false},"author":35,"featured_media":186083,"comment_status":"open","ping_status":"open","sticky":false,"template":"","format":"standard","meta":{"_monsterinsights_skip_tracking":false,"_monsterinsights_sitenote_active":false,"_monsterinsights_sitenote_note":"","_monsterinsights_sitenote_category":0,"footnotes":""},"categories":[157],"tags":[2801,31888,162,12610],"class_list":["post-206386","post","type-post","status-publish","format-standard","has-post-thumbnail","hentry","category-nacional","tag-claudia-sheinbaum","tag-papa-leon-xiv","tag-portada","tag-rosa-icela-rodriguez","wp-image-borders"],"amp_enabled":true,"_links":{"self":[{"href":"https:\/\/nvnoticias.mx\/index.php\/wp-json\/wp\/v2\/posts\/206386","targetHints":{"allow":["GET"]}}],"collection":[{"href":"https:\/\/nvnoticias.mx\/index.php\/wp-json\/wp\/v2\/posts"}],"about":[{"href":"https:\/\/nvnoticias.mx\/index.php\/wp-json\/wp\/v2\/types\/post"}],"author":[{"embeddable":true,"href":"https:\/\/nvnoticias.mx\/index.php\/wp-json\/wp\/v2\/users\/35"}],"replies":[{"embeddable":true,"href":"https:\/\/nvnoticias.mx\/index.php\/wp-json\/wp\/v2\/comments?post=206386"}],"version-history":[{"count":3,"href":"https:\/\/nvnoticias.mx\/index.php\/wp-json\/wp\/v2\/posts\/206386\/revisions"}],"predecessor-version":[{"id":206389,"href":"https:\/\/nvnoticias.mx\/index.php\/wp-json\/wp\/v2\/posts\/206386\/revisions\/206389"}],"wp:featuredmedia":[{"embeddable":true,"href":"https:\/\/nvnoticias.mx\/index.php\/wp-json\/wp\/v2\/media\/186083"}],"wp:attachment":[{"href":"https:\/\/nvnoticias.mx\/index.php\/wp-json\/wp\/v2\/media?parent=206386"}],"wp:term":[{"taxonomy":"category","embeddable":true,"href":"https:\/\/nvnoticias.mx\/index.php\/wp-json\/wp\/v2\/categories?post=206386"},{"taxonomy":"post_tag","embeddable":true,"href":"https:\/\/nvnoticias.mx\/index.php\/wp-json\/wp\/v2\/tags?post=206386"}],"curies":[{"name":"wp","href":"https:\/\/api.w.org\/{rel}","templated":true}]}}