{"id":206352,"date":"2026-01-15T09:02:09","date_gmt":"2026-01-15T15:02:09","guid":{"rendered":"https:\/\/nvnoticias.mx\/?p=206352"},"modified":"2026-01-15T13:33:25","modified_gmt":"2026-01-15T19:33:25","slug":"rachas-por-frente-frio-28-derriban-arboles-y-causan-apagones-en-xalapa","status":"publish","type":"post","link":"https:\/\/nvnoticias.mx\/index.php\/2026\/01\/15\/rachas-por-frente-frio-28-derriban-arboles-y-causan-apagones-en-xalapa\/","title":{"rendered":"Rachas por frente fr\u00edo 28 derriban \u00e1rboles y causan apagones en Xalapa"},"content":{"rendered":"\n<p><\/p>\n\n\n\n<p><strong>Sam Ojeda \/ NV Noticias<\/strong><\/p>\n\n\n\n<p>Xalapa.- Las rachas de viento registradas desde la madrugada por el paso del frente fr\u00edo n\u00famero 28 provocaron afectaciones en distintos puntos de Xalapa, entre ellas la ca\u00edda de \u00e1rboles, da\u00f1os en el tendido el\u00e9ctrico y cortes de energ\u00eda, inform\u00f3 la directora de Protecci\u00f3n Civil municipal, Alma Fuertes Jara.<\/p>\n\n\n\n<p>La funcionaria se\u00f1al\u00f3 que los vientos alcanzaron velocidades cercanas a los 60 kil\u00f3metros por hora, lo que deriv\u00f3 en cortocircuitos y la ca\u00edda de al menos seis \u00e1rboles en colonias como Fovissste y Benito Ju\u00e1rez, adem\u00e1s de un poste derribado en la zona de P\u00edpila.<\/p>\n\n\n\n<p>\u201cAlgunos \u00e1rboles muy grandes en la unidad Fovissste, otro sobre la barda de una escuela en la colonia Benito Ju\u00e1rez, asimismo tenemos un poste ca\u00eddo en P\u00edpila y varios cortes de servicio el\u00e9ctrico\u201d.<\/p>\n\n\n\n<p>Indic\u00f3 que no se reportan personas lesionadas y que los trabajos de atenci\u00f3n y restablecimiento de servicios se realizan de manera conjunta entre Protecci\u00f3n Civil, Bomberos, Alumbrado P\u00fablico y Medio Ambiente.<\/p>\n\n\n\n<p>\u201cSe est\u00e1 trabajando duro para que, en la medida de lo posible, se recuperen pronto los servicios estrat\u00e9gicos afectados\u201d.<\/p>\n\n\n\n<p>Fuertes Jara agreg\u00f3 que en la colonia JJ Panes se present\u00f3 la voladura de un alero que da\u00f1\u00f3 l\u00edneas el\u00e9ctricas, por lo que reiter\u00f3 el llamado a asegurar techos, toldos y objetos que puedan desprenderse durante este tipo de eventos.<\/p>\n\n\n\n<p>\u201cRecomendamos mucho a la poblaci\u00f3n que fijen bien sus toldos, sus techos, todos los objetos que puedan colapsar tienen que estar bien amarrados, bien fijados\u201d.<\/p>\n\n\n\n<p>De acuerdo con Conagua, a las 5:30 horas de este 15 de enero las rachas m\u00e1ximas en Xalapa alcanzaron hasta 59.5 kil\u00f3metros por hora en la estaci\u00f3n de El Olmo, 56.3 kil\u00f3metros por hora en Xalapa Geograf\u00eda y 54.7 kil\u00f3metros por hora en el \u00e1rea del Palacio Municipal, como parte del evento de norte asociado al frente fr\u00edo 28<\/p>\n","protected":false},"excerpt":{"rendered":"<p>Sam Ojeda \/ NV Noticias Xalapa.- Las rachas de viento registradas desde la madrugada por el paso del frente fr\u00edo n\u00famero 28 provocaron afectaciones en distintos puntos de Xalapa, entre ellas la ca\u00edda de \u00e1rboles, da\u00f1os en el tendido el\u00e9ctrico y cortes de energ\u00eda, inform\u00f3 la directora de Protecci\u00f3n Civil municipal, Alma Fuertes Jara. La [&hellip;]<\/p>\n","protected":false},"author":8,"featured_media":206353,"comment_status":"open","ping_status":"open","sticky":false,"template":"","format":"standard","meta":{"_monsterinsights_skip_tracking":false,"_monsterinsights_sitenote_active":false,"_monsterinsights_sitenote_note":"","_monsterinsights_sitenote_category":0,"footnotes":""},"categories":[156],"tags":[1502,22937,267,312],"class_list":["post-206352","post","type-post","status-publish","format-standard","has-post-thumbnail","hentry","category-estado","tag-apagones","tag-frente-frio-28","tag-norte","tag-xalapa","wp-image-borders"],"amp_enabled":true,"_links":{"self":[{"href":"https:\/\/nvnoticias.mx\/index.php\/wp-json\/wp\/v2\/posts\/206352","targetHints":{"allow":["GET"]}}],"collection":[{"href":"https:\/\/nvnoticias.mx\/index.php\/wp-json\/wp\/v2\/posts"}],"about":[{"href":"https:\/\/nvnoticias.mx\/index.php\/wp-json\/wp\/v2\/types\/post"}],"author":[{"embeddable":true,"href":"https:\/\/nvnoticias.mx\/index.php\/wp-json\/wp\/v2\/users\/8"}],"replies":[{"embeddable":true,"href":"https:\/\/nvnoticias.mx\/index.php\/wp-json\/wp\/v2\/comments?post=206352"}],"version-history":[{"count":2,"href":"https:\/\/nvnoticias.mx\/index.php\/wp-json\/wp\/v2\/posts\/206352\/revisions"}],"predecessor-version":[{"id":206455,"href":"https:\/\/nvnoticias.mx\/index.php\/wp-json\/wp\/v2\/posts\/206352\/revisions\/206455"}],"wp:featuredmedia":[{"embeddable":true,"href":"https:\/\/nvnoticias.mx\/index.php\/wp-json\/wp\/v2\/media\/206353"}],"wp:attachment":[{"href":"https:\/\/nvnoticias.mx\/index.php\/wp-json\/wp\/v2\/media?parent=206352"}],"wp:term":[{"taxonomy":"category","embeddable":true,"href":"https:\/\/nvnoticias.mx\/index.php\/wp-json\/wp\/v2\/categories?post=206352"},{"taxonomy":"post_tag","embeddable":true,"href":"https:\/\/nvnoticias.mx\/index.php\/wp-json\/wp\/v2\/tags?post=206352"}],"curies":[{"name":"wp","href":"https:\/\/api.w.org\/{rel}","templated":true}]}}