{"id":206345,"date":"2026-01-14T14:25:16","date_gmt":"2026-01-14T20:25:16","guid":{"rendered":"https:\/\/nvnoticias.mx\/?p=206345"},"modified":"2026-01-14T14:25:21","modified_gmt":"2026-01-14T20:25:21","slug":"casos-respiratorios-suben-hasta-80-en-arranque-de-2026","status":"publish","type":"post","link":"https:\/\/nvnoticias.mx\/index.php\/2026\/01\/14\/casos-respiratorios-suben-hasta-80-en-arranque-de-2026\/","title":{"rendered":"Casos respiratorios suben hasta 80% en arranque de 2026"},"content":{"rendered":"\n<p><\/p>\n\n\n\n<p><strong>Sam Ojeda \/ NV Noticias<\/strong><\/p>\n\n\n\n<p>Xalapa.- El inicio de 2026 lleg\u00f3 acompa\u00f1ado de un repunte acelerado de enfermedades respiratorias, con un aumento de entre 70 y 80 por ciento en las \u00faltimas dos semanas, de acuerdo con Ren\u00e9 Garc\u00eda Toral, integrante de la Sociedad Mexicana de Neumolog\u00eda y Cirug\u00eda de T\u00f3rax.<\/p>\n\n\n\n<p>El especialista explic\u00f3 que el incremento est\u00e1 relacionado con la llegada a M\u00e9xico de cepas de influenza que ya hab\u00edan provocado un alza de contagios en Europa desde finales del a\u00f1o pasado.<\/p>\n\n\n\n<p>\u201cYa se hab\u00eda reportado desde hace un mes, aproximadamente, que estaba incrementando los casos en Europa, y que posiblemente a inicios de a\u00f1o en M\u00e9xico tendr\u00edamos incremento de casos tambi\u00e9n de influenza H3N2\u201d.<\/p>\n\n\n\n<p>Garc\u00eda Toral se\u00f1al\u00f3 que la mayor\u00eda de los pacientes que hoy est\u00e1n enfermando no ten\u00eda protecci\u00f3n efectiva al momento del contagio.<\/p>\n\n\n\n<p>\u201cEl 90 por ciento de los casos son personas que no se vacunaron o se vacunaron tard\u00edamente\u201d.<\/p>\n\n\n\n<p>Record\u00f3 que la vacuna no genera inmunidad inmediata, por lo que quienes se la aplican y se exponen al virus en los d\u00edas siguientes siguen en riesgo.<\/p>\n\n\n\n<p>\u201cPara que la vacuna proteja a una persona se requiere por lo menos 20 d\u00edas para que existan anticuerpos suficientes\u201d.<\/p>\n\n\n\n<p>El neum\u00f3logo indic\u00f3 que los cuadros m\u00e1s severos se concentran en menores de cinco a\u00f1os, adultos mayores y personas con enfermedades cr\u00f3nicas o sistemas inmunol\u00f3gicos debilitados.<\/p>\n\n\n\n<p>\u201cLa poblaci\u00f3n m\u00e1s afectada son los menores de cinco a\u00f1os y los mayores de 65 a\u00f1os, pero tambi\u00e9n quienes tienen problemas respiratorios, diabetes o tratamiento inmunosupresor\u201d.<br><\/p>\n","protected":false},"excerpt":{"rendered":"<p>Sam Ojeda \/ NV Noticias Xalapa.- El inicio de 2026 lleg\u00f3 acompa\u00f1ado de un repunte acelerado de enfermedades respiratorias, con un aumento de entre 70 y 80 por ciento en las \u00faltimas dos semanas, de acuerdo con Ren\u00e9 Garc\u00eda Toral, integrante de la Sociedad Mexicana de Neumolog\u00eda y Cirug\u00eda de T\u00f3rax. El especialista explic\u00f3 que [&hellip;]<\/p>\n","protected":false},"author":6,"featured_media":77911,"comment_status":"open","ping_status":"open","sticky":false,"template":"","format":"standard","meta":{"_monsterinsights_skip_tracking":false,"_monsterinsights_sitenote_active":false,"_monsterinsights_sitenote_note":"","_monsterinsights_sitenote_category":0,"footnotes":""},"categories":[156],"tags":[18695,3109,28143],"class_list":["post-206345","post","type-post","status-publish","format-standard","has-post-thumbnail","hentry","category-estado","tag-18695","tag-aumento","tag-enfermedades-respiratorias","wp-image-borders"],"amp_enabled":true,"_links":{"self":[{"href":"https:\/\/nvnoticias.mx\/index.php\/wp-json\/wp\/v2\/posts\/206345","targetHints":{"allow":["GET"]}}],"collection":[{"href":"https:\/\/nvnoticias.mx\/index.php\/wp-json\/wp\/v2\/posts"}],"about":[{"href":"https:\/\/nvnoticias.mx\/index.php\/wp-json\/wp\/v2\/types\/post"}],"author":[{"embeddable":true,"href":"https:\/\/nvnoticias.mx\/index.php\/wp-json\/wp\/v2\/users\/6"}],"replies":[{"embeddable":true,"href":"https:\/\/nvnoticias.mx\/index.php\/wp-json\/wp\/v2\/comments?post=206345"}],"version-history":[{"count":1,"href":"https:\/\/nvnoticias.mx\/index.php\/wp-json\/wp\/v2\/posts\/206345\/revisions"}],"predecessor-version":[{"id":206346,"href":"https:\/\/nvnoticias.mx\/index.php\/wp-json\/wp\/v2\/posts\/206345\/revisions\/206346"}],"wp:featuredmedia":[{"embeddable":true,"href":"https:\/\/nvnoticias.mx\/index.php\/wp-json\/wp\/v2\/media\/77911"}],"wp:attachment":[{"href":"https:\/\/nvnoticias.mx\/index.php\/wp-json\/wp\/v2\/media?parent=206345"}],"wp:term":[{"taxonomy":"category","embeddable":true,"href":"https:\/\/nvnoticias.mx\/index.php\/wp-json\/wp\/v2\/categories?post=206345"},{"taxonomy":"post_tag","embeddable":true,"href":"https:\/\/nvnoticias.mx\/index.php\/wp-json\/wp\/v2\/tags?post=206345"}],"curies":[{"name":"wp","href":"https:\/\/api.w.org\/{rel}","templated":true}]}}